{"id":4840,"date":"2012-10-21T13:27:01","date_gmt":"2012-10-21T11:27:01","guid":{"rendered":"https:\/\/www.cpv-ev.com\/?p=4840"},"modified":"2012-10-29T19:31:39","modified_gmt":"2012-10-29T17:31:39","slug":"20-10-2012-ponykorung-verden-2012-von-susanne-lehmann","status":"publish","type":"post","link":"https:\/\/www.cpv-ev.com\/?p=4840","title":{"rendered":"21.10.2012 &#8211; Ponyk\u00f6rung Verden 2012, von Susanne Lehmann"},"content":{"rendered":"<p>&nbsp;<\/p>\n<p><strong>Hengstk\u00f6rung 2012 des Ponyverbands Hannover, von Susanne Lehmann<br \/>\n<\/strong><\/p>\n<p><!--more--><\/p>\n<p>&nbsp;<\/p>\n<p>&nbsp;<\/p>\n<p><a href=\"https:\/\/www.cpv-ev.com\/?attachment_id=4836\" rel=\"attachment wp-att-4836\"><img loading=\"lazy\" decoding=\"async\" class=\"alignleft size-thumbnail wp-image-4836\" title=\"Hesselbjerggards Jaronimo\" src=\"https:\/\/www.cpv-ev.com\/wp-content\/uploads\/2012\/10\/Reimann1-146x110.jpg\" alt=\"\" width=\"146\" height=\"110\" srcset=\"https:\/\/www.cpv-ev.com\/wp-content\/uploads\/2012\/10\/Reimann1-146x110.jpg 146w, https:\/\/www.cpv-ev.com\/wp-content\/uploads\/2012\/10\/Reimann1-300x225.jpg 300w, https:\/\/www.cpv-ev.com\/wp-content\/uploads\/2012\/10\/Reimann1-500x374.jpg 500w, https:\/\/www.cpv-ev.com\/wp-content\/uploads\/2012\/10\/Reimann1.jpg 750w\" sizes=\"auto, (max-width: 146px) 100vw, 146px\" \/><\/a><a href=\"https:\/\/www.cpv-ev.com\/?attachment_id=4838\" rel=\"attachment wp-att-4838\"><img loading=\"lazy\" decoding=\"async\" class=\"alignright size-thumbnail wp-image-4838\" title=\"Hesselbjerggards Jaronimo\" src=\"https:\/\/www.cpv-ev.com\/wp-content\/uploads\/2012\/10\/Reimann3-146x110.jpg\" alt=\"\" width=\"146\" height=\"110\" srcset=\"https:\/\/www.cpv-ev.com\/wp-content\/uploads\/2012\/10\/Reimann3-146x110.jpg 146w, https:\/\/www.cpv-ev.com\/wp-content\/uploads\/2012\/10\/Reimann3-300x225.jpg 300w, https:\/\/www.cpv-ev.com\/wp-content\/uploads\/2012\/10\/Reimann3-500x374.jpg 500w, https:\/\/www.cpv-ev.com\/wp-content\/uploads\/2012\/10\/Reimann3.jpg 750w\" sizes=\"auto, (max-width: 146px) 100vw, 146px\" \/><\/a><a href=\"https:\/\/www.cpv-ev.com\/?attachment_id=4837\" rel=\"attachment wp-att-4837\"><img loading=\"lazy\" decoding=\"async\" class=\"alignright size-thumbnail wp-image-4837\" title=\"Hesselbjerggards Jaronimo\" src=\"https:\/\/www.cpv-ev.com\/wp-content\/uploads\/2012\/10\/Reimann2-146x110.jpg\" alt=\"\" width=\"146\" height=\"110\" srcset=\"https:\/\/www.cpv-ev.com\/wp-content\/uploads\/2012\/10\/Reimann2-146x110.jpg 146w, https:\/\/www.cpv-ev.com\/wp-content\/uploads\/2012\/10\/Reimann2-300x225.jpg 300w, https:\/\/www.cpv-ev.com\/wp-content\/uploads\/2012\/10\/Reimann2-500x374.jpg 500w, https:\/\/www.cpv-ev.com\/wp-content\/uploads\/2012\/10\/Reimann2.jpg 750w\" sizes=\"auto, (max-width: 146px) 100vw, 146px\" \/><\/a>Auf der Ponyk\u00f6rung des Ponyverbands Hannover in Verden am 20. Oktober 2012 wurde der in D\u00e4nemark gezogene falbe Hesselbjergg\u00e5rd Jaronimo von Hohnhorst Jaro aus der Pilgaards Maybie aus dem Besitz von May und Holger Reimann, Bremen, vorgestellt und gek\u00f6rt.<\/p>\n<p>&nbsp;<\/p>\n<p>Als einziger teilnehmender Connemara Pony Hengst wurde er mit der Siegersch\u00e4rpe seiner Rasse ausgezeichnet.<\/p>\n<p>&nbsp;<\/p>\n<p>Insgesamt wurden 65 Hengste der verschiedenen Rassen vorgestellt, von denen die Dt. Reitponys mit 37 Hengsten die st\u00e4rkste Rassegruppe ausmachten. Von den 28 ausgestellten Natives erhielten 18 ein positives K\u00f6rurteil, von den Reitponys konnten 25 Hengste mit einem positiven K\u00f6rurteil ausgezeichnet werden.<\/p>\n<p>&nbsp;<\/p>\n","protected":false},"excerpt":{"rendered":"<p>&nbsp; Hengstk\u00f6rung 2012 des Ponyverbands Hannover, von Susanne Lehmann<\/p>\n","protected":false},"author":2,"featured_media":0,"comment_status":"closed","ping_status":"closed","sticky":false,"template":"","format":"standard","meta":{"ngg_post_thumbnail":0,"footnotes":""},"categories":[9,8],"tags":[],"class_list":["post-4840","post","type-post","status-publish","format-standard","hentry","category-news-2012","category-zucht-veranstaltungen"],"_links":{"self":[{"href":"https:\/\/www.cpv-ev.com\/index.php?rest_route=\/wp\/v2\/posts\/4840","targetHints":{"allow":["GET"]}}],"collection":[{"href":"https:\/\/www.cpv-ev.com\/index.php?rest_route=\/wp\/v2\/posts"}],"about":[{"href":"https:\/\/www.cpv-ev.com\/index.php?rest_route=\/wp\/v2\/types\/post"}],"author":[{"embeddable":true,"href":"https:\/\/www.cpv-ev.com\/index.php?rest_route=\/wp\/v2\/users\/2"}],"replies":[{"embeddable":true,"href":"https:\/\/www.cpv-ev.com\/index.php?rest_route=%2Fwp%2Fv2%2Fcomments&post=4840"}],"version-history":[{"count":0,"href":"https:\/\/www.cpv-ev.com\/index.php?rest_route=\/wp\/v2\/posts\/4840\/revisions"}],"wp:attachment":[{"href":"https:\/\/www.cpv-ev.com\/index.php?rest_route=%2Fwp%2Fv2%2Fmedia&parent=4840"}],"wp:term":[{"taxonomy":"category","embeddable":true,"href":"https:\/\/www.cpv-ev.com\/index.php?rest_route=%2Fwp%2Fv2%2Fcategories&post=4840"},{"taxonomy":"post_tag","embeddable":true,"href":"https:\/\/www.cpv-ev.com\/index.php?rest_route=%2Fwp%2Fv2%2Ftags&post=4840"}],"curies":[{"name":"wp","href":"https:\/\/api.w.org\/{rel}","templated":true}]}}