{"id":3478,"date":"2010-06-19T09:11:24","date_gmt":"2010-06-19T07:11:24","guid":{"rendered":"https:\/\/www.cpv-ev.com\/?p=3478"},"modified":"2012-08-01T09:24:19","modified_gmt":"2012-08-01T07:24:19","slug":"19-06-2010-bayerische-landesschau","status":"publish","type":"post","link":"https:\/\/www.cpv-ev.com\/?p=3478","title":{"rendered":"19.06.2010 &#8211; Bayerische Landesschau"},"content":{"rendered":"<p><strong>Bericht von Alexandra Kr\u00e4mer, Bilder und Artikel von Angelika Gr\u00e4fin von Courten.<\/strong><\/p>\n<p><!--more--><\/p>\n<p>&nbsp;<\/p>\n<p>&nbsp;<\/p>\n<p>&nbsp;<\/p>\n<p><a href=\"https:\/\/www.cpv-ev.com\/wp-content\/uploads\/2012\/08\/P-B_Angie1.jpg\"><img loading=\"lazy\" decoding=\"async\" class=\"alignright size-thumbnail wp-image-3482\" title=\"Penancing-Brook Angie\" src=\"https:\/\/www.cpv-ev.com\/wp-content\/uploads\/2012\/08\/P-B_Angie1-182x110.jpg\" alt=\"\" width=\"182\" height=\"110\" srcset=\"https:\/\/www.cpv-ev.com\/wp-content\/uploads\/2012\/08\/P-B_Angie1-182x110.jpg 182w, https:\/\/www.cpv-ev.com\/wp-content\/uploads\/2012\/08\/P-B_Angie1-300x180.jpg 300w, https:\/\/www.cpv-ev.com\/wp-content\/uploads\/2012\/08\/P-B_Angie1.jpg 453w\" sizes=\"auto, (max-width: 182px) 100vw, 182px\" \/><\/a><a href=\"https:\/\/www.cpv-ev.com\/wp-content\/uploads\/2012\/08\/P-B_Angie.jpg\"><img loading=\"lazy\" decoding=\"async\" class=\"alignright size-thumbnail wp-image-3481\" title=\"Penancing-Brook Angie\" src=\"https:\/\/www.cpv-ev.com\/wp-content\/uploads\/2012\/08\/P-B_Angie-147x110.jpg\" alt=\"\" width=\"147\" height=\"110\" srcset=\"https:\/\/www.cpv-ev.com\/wp-content\/uploads\/2012\/08\/P-B_Angie-147x110.jpg 147w, https:\/\/www.cpv-ev.com\/wp-content\/uploads\/2012\/08\/P-B_Angie-300x225.jpg 300w, https:\/\/www.cpv-ev.com\/wp-content\/uploads\/2012\/08\/P-B_Angie-500x373.jpg 500w, https:\/\/www.cpv-ev.com\/wp-content\/uploads\/2012\/08\/P-B_Angie-146x110.jpg 146w, https:\/\/www.cpv-ev.com\/wp-content\/uploads\/2012\/08\/P-B_Angie.jpg 605w\" sizes=\"auto, (max-width: 147px) 100vw, 147px\" \/><\/a><\/p>\n<p>&nbsp;<\/p>\n<p>Platz 1 und Staatspr\u00e4mienstutenanw\u00e4rterin<\/p>\n<p><strong>Penancing-Brook Angie<\/strong>, geb. 2007<\/p>\n<p>V: Penancing-Brook Hazy Smart Boy<\/p>\n<p>M: PrSt Penancing-Brook Antonia v. Frederiksminde Hazy Marvel<\/p>\n<p>Z\u00fcchter und Besitzer: Konrad Weggel, 95488 Eckersdorf<\/p>\n<p>&nbsp;<\/p>\n<p>&nbsp;<\/p>\n<p>&nbsp;<\/p>\n<p>&nbsp;<\/p>\n<p><a href=\"https:\/\/www.cpv-ev.com\/wp-content\/uploads\/2012\/08\/Sternbergs_Mandy1.jpg\"><img loading=\"lazy\" decoding=\"async\" class=\"alignright size-thumbnail wp-image-3484\" title=\"Sternbergs Mandy\" src=\"https:\/\/www.cpv-ev.com\/wp-content\/uploads\/2012\/08\/Sternbergs_Mandy1-150x110.jpg\" alt=\"\" width=\"150\" height=\"110\" srcset=\"https:\/\/www.cpv-ev.com\/wp-content\/uploads\/2012\/08\/Sternbergs_Mandy1-150x110.jpg 150w, https:\/\/www.cpv-ev.com\/wp-content\/uploads\/2012\/08\/Sternbergs_Mandy1-300x219.jpg 300w, https:\/\/www.cpv-ev.com\/wp-content\/uploads\/2012\/08\/Sternbergs_Mandy1-500x365.jpg 500w, https:\/\/www.cpv-ev.com\/wp-content\/uploads\/2012\/08\/Sternbergs_Mandy1.jpg 501w\" sizes=\"auto, (max-width: 150px) 100vw, 150px\" \/><\/a> <a href=\"https:\/\/www.cpv-ev.com\/wp-content\/uploads\/2012\/08\/Sternbergs_Mandy.jpg\"><img loading=\"lazy\" decoding=\"async\" class=\"alignright size-thumbnail wp-image-3483\" title=\"Sternbergs Mandy\" src=\"https:\/\/www.cpv-ev.com\/wp-content\/uploads\/2012\/08\/Sternbergs_Mandy-154x110.jpg\" alt=\"\" width=\"154\" height=\"110\" srcset=\"https:\/\/www.cpv-ev.com\/wp-content\/uploads\/2012\/08\/Sternbergs_Mandy-154x110.jpg 154w, https:\/\/www.cpv-ev.com\/wp-content\/uploads\/2012\/08\/Sternbergs_Mandy-300x213.jpg 300w, https:\/\/www.cpv-ev.com\/wp-content\/uploads\/2012\/08\/Sternbergs_Mandy-500x356.jpg 500w, https:\/\/www.cpv-ev.com\/wp-content\/uploads\/2012\/08\/Sternbergs_Mandy.jpg 603w\" sizes=\"auto, (max-width: 154px) 100vw, 154px\" \/><\/a><\/p>\n<p>&nbsp;<\/p>\n<p>Platz 2 und Staatspr\u00e4mienstutenanw\u00e4rterin<\/p>\n<p><strong>Sternbergs Mandy<\/strong>, geb. 2007<\/p>\n<p>V: El Larry II<\/p>\n<p>M: N\u00f8rlunds Mary Lou v. Laerkens Cascade Dawn<\/p>\n<p>Z\u00fcchter und Besitzer: Peter Kr\u00e4mer, 97529 Sulzheim-V\u00f6gnitz<\/p>\n<p>&nbsp;<\/p>\n<p>&nbsp;<\/p>\n<p>&nbsp;<\/p>\n<p>&nbsp;<\/p>\n<p><a href=\"https:\/\/www.cpv-ev.com\/wp-content\/uploads\/2012\/08\/Sternbergs_Salut1.jpg\"><img loading=\"lazy\" decoding=\"async\" class=\"alignright size-thumbnail wp-image-3480\" title=\"Sternbergs Salut\" src=\"https:\/\/www.cpv-ev.com\/wp-content\/uploads\/2012\/08\/Sternbergs_Salut1-147x110.jpg\" alt=\"\" width=\"147\" height=\"110\" srcset=\"https:\/\/www.cpv-ev.com\/wp-content\/uploads\/2012\/08\/Sternbergs_Salut1-147x110.jpg 147w, https:\/\/www.cpv-ev.com\/wp-content\/uploads\/2012\/08\/Sternbergs_Salut1-300x225.jpg 300w, https:\/\/www.cpv-ev.com\/wp-content\/uploads\/2012\/08\/Sternbergs_Salut1-500x372.jpg 500w, https:\/\/www.cpv-ev.com\/wp-content\/uploads\/2012\/08\/Sternbergs_Salut1-146x110.jpg 146w, https:\/\/www.cpv-ev.com\/wp-content\/uploads\/2012\/08\/Sternbergs_Salut1.jpg 563w\" sizes=\"auto, (max-width: 147px) 100vw, 147px\" \/><\/a> <a href=\"https:\/\/www.cpv-ev.com\/wp-content\/uploads\/2012\/08\/Sternbergs_Salut.jpg\"><img loading=\"lazy\" decoding=\"async\" class=\"alignright size-thumbnail wp-image-3479\" title=\"Sternbergs Salut\" src=\"https:\/\/www.cpv-ev.com\/wp-content\/uploads\/2012\/08\/Sternbergs_Salut-140x110.jpg\" alt=\"\" width=\"140\" height=\"110\" srcset=\"https:\/\/www.cpv-ev.com\/wp-content\/uploads\/2012\/08\/Sternbergs_Salut-140x110.jpg 140w, https:\/\/www.cpv-ev.com\/wp-content\/uploads\/2012\/08\/Sternbergs_Salut-300x235.jpg 300w, https:\/\/www.cpv-ev.com\/wp-content\/uploads\/2012\/08\/Sternbergs_Salut.jpg 472w\" sizes=\"auto, (max-width: 140px) 100vw, 140px\" \/><\/a><\/p>\n<p>&nbsp;<\/p>\n<p>Platz 3 und Pr\u00e4mienstutenanw\u00e4rterin<\/p>\n<p><strong>Sternbergs Salut<\/strong>, geb. 2003<\/p>\n<p>V: El Larry II<\/p>\n<p>M: St.Pr.St. Sternbergs Snowfly v. Skatholm Ladykiller<\/p>\n<p>Z\u00fcchter: Peter Kr\u00e4mer, 97529 Sulzheim-V\u00f6gnitz<\/p>\n<p>Besitzer: Ingrid Leimeister-Pfriem, 97456 Dittelbrunn<\/p>\n<p>&nbsp;<\/p>\n<p>&nbsp;<\/p>\n<p>&nbsp;<\/p>\n<p><a href=\"https:\/\/www.cpv-ev.com\/wp-content\/uploads\/2010\/06\/Claire.jpg\"><img loading=\"lazy\" decoding=\"async\" class=\"alignright size-thumbnail wp-image-3496\" title=\"Claire\" src=\"https:\/\/www.cpv-ev.com\/wp-content\/uploads\/2010\/06\/Claire-146x110.jpg\" alt=\"\" width=\"146\" height=\"110\" srcset=\"https:\/\/www.cpv-ev.com\/wp-content\/uploads\/2010\/06\/Claire-146x110.jpg 146w, https:\/\/www.cpv-ev.com\/wp-content\/uploads\/2010\/06\/Claire-300x225.jpg 300w, https:\/\/www.cpv-ev.com\/wp-content\/uploads\/2010\/06\/Claire-500x376.jpg 500w, https:\/\/www.cpv-ev.com\/wp-content\/uploads\/2010\/06\/Claire.jpg 607w\" sizes=\"auto, (max-width: 146px) 100vw, 146px\" \/><\/a> <a href=\"https:\/\/www.cpv-ev.com\/wp-content\/uploads\/2010\/06\/Claire1.jpg\"><img loading=\"lazy\" decoding=\"async\" class=\"alignright size-thumbnail wp-image-3495\" title=\"Claire\" src=\"https:\/\/www.cpv-ev.com\/wp-content\/uploads\/2010\/06\/Claire1-146x110.jpg\" alt=\"\" width=\"146\" height=\"110\" srcset=\"https:\/\/www.cpv-ev.com\/wp-content\/uploads\/2010\/06\/Claire1-146x110.jpg 146w, https:\/\/www.cpv-ev.com\/wp-content\/uploads\/2010\/06\/Claire1-300x225.jpg 300w, https:\/\/www.cpv-ev.com\/wp-content\/uploads\/2010\/06\/Claire1-500x376.jpg 500w, https:\/\/www.cpv-ev.com\/wp-content\/uploads\/2010\/06\/Claire1.jpg 603w\" sizes=\"auto, (max-width: 146px) 100vw, 146px\" \/><\/a><\/p>\n<p>&nbsp;<\/p>\n<p>Auch das falbfarbene Connemara Partbred Claire v. Lorenzo a. d. Cleopatra v. De Merels Demis, geb. 2002, \u00a0konnte die Komission \u00fcberzeugen und erhielt im Ring der Deutschen Reitponys (5j\u00e4hrig und \u00e4lter) einen 1b Preis und damit auch gleichzeitig schon die Staatspr\u00e4mie, da sie bereits die Leistungspr\u00fcfung mit der Wertnote 7,55 abgelegt und ein Fohlen geboren hat. Z\u00fcchter ist Herr Schaubmair, Kaltental und Besitzer ist Artur Nieberle, Kaufbeuren.<\/p>\n<p>&nbsp;<\/p>\n<p>&nbsp;<\/p>\n<p>&nbsp;<\/p>\n<p><strong>(AVC)<\/strong> Zur diesj\u00e4hrigen Landesschau des Bayerischen Zuchtverbands f\u00fcr Kleinpferde und Spezialpferderassen e.V. mit Staatspr\u00e4mienvergabe am 19. Juni 2010 waren von den \u00fcber 80 Stuten der diversen Rassen auch vier Connemara-Stuten geladen worden, von denen drei in M\u00fcnchen-Riem erschienen waren.<\/p>\n<p>&nbsp;<\/p>\n<p>Hans-Heinrich Stien, 1. Vorsitzender des Pferdestammbuchs von Schleswig-Holstein, war dieses Mal der geladene Gastrichter. In der Gruppe der drei- und vierj\u00e4hrigen Stute wurde mit der Katalognummer 59 die Falbschimmelstute Sternbergs Mandy von ihrem Z\u00fcchter selbst vorgestellt. Der Kommentar des Gastrichters zu ihr lautete \u201cschlichtweg sch\u00f6ne Stute\u201d, die allein schon im \u00e4u\u00dferen Erscheinungsbild punkten konnte. Sie wurde mit einer Staatspr\u00e4mienanwartschaft ausgezeichnet. Die ebenfalls dreij\u00e4hrige Penancing-Brook Angie erschien weit jugendlicher in der Entwicklung, konnte jedoch aufgrund ihrer \u00fcberragenden Bewegungsqualit\u00e4t die Richter in ihrer Entscheidung f\u00fcr den Ringsieg \u00fcberzeugen. Sowohl im Trab, als auch auf dem Schrittring zeigte sie gro\u00dfen Raumgriff und enormen Schub aus der Hinterhand.<\/p>\n<p>&nbsp;<\/p>\n<p>Als Endringteilnehmerin hatte sie sich schlie\u00dflich am Ende der Zuchtveranstaltung mit den Ringsiegerinnen der anderen Sportponyrassen zu messen und heimste hier zus\u00e4tzlich zu ihrer Staatspr\u00e4mienanwartschaft noch den Titel \u201cReservesiegerin der Sportponystuten\u201d ein.<\/p>\n<p>&nbsp;<\/p>\n<p>Als weitere EL Larry II-Tochter wurde die bereits 2003 geborene Falbstute Sternbergs Salut von ihrer Besitzerin gezeigt und mit einer Pr\u00e4mienstutenanwartschaft ausgezeichnet. Sie hatte ihre Stute in 2009 bereits selbst erfolgreich an einer Leistungspr\u00fcfung (WN, 6,98) vorgestellt.<\/p>\n<p>&nbsp;<\/p>\n<p>Nachdem die Titelvergabe dieser Zuchtschauen staatlich geregelt ist, muss in Bayern nach den Richtlinien des Bayerischen Staatsministeriums f\u00fcr Landwirtschaft und Forsten verfahren werden:<\/p>\n<p>H\u00f6chstens 20% der im laufenden Jahr erstmals eingetragenen Stuten d\u00fcrfen den begehrten Titel der Staatspr\u00e4mienanwartschaft erhalten. Der Titel selbst wird erst nach einer erfolgten Abfohlung, einer mit mindestens WN 6,5 absolvierten Stutenleistungspr\u00fcfung, sowie weiteren erf\u00fcllten Anforderungen vergeben.<\/p>\n<p>Die kompletten Richtlinien finden Sie unter:\u00a0RICHTLINIEN F\u00dcR DIE VERGABE DES PR\u00c4DIKATS \u201eSTAATSPR\u00c4MIENSTUTE\u201c BEKANNTMACHUNG DES BAYERISCHEN STAATSMINISTERIUMS F\u00dcR LANDWIRTSCHAFT UND FORSTEN VOM 01. JUNI 2007, AZ. L 5-7407-1007.<\/p>\n","protected":false},"excerpt":{"rendered":"<p>Bericht von Alexandra Kr\u00e4mer, Bilder und Artikel von Angelika Gr\u00e4fin von Courten.<\/p>\n","protected":false},"author":1,"featured_media":0,"comment_status":"closed","ping_status":"closed","sticky":false,"template":"","format":"standard","meta":{"ngg_post_thumbnail":0,"footnotes":""},"categories":[10,8],"tags":[],"class_list":["post-3478","post","type-post","status-publish","format-standard","hentry","category-news-2010","category-zucht-veranstaltungen"],"_links":{"self":[{"href":"https:\/\/www.cpv-ev.com\/index.php?rest_route=\/wp\/v2\/posts\/3478","targetHints":{"allow":["GET"]}}],"collection":[{"href":"https:\/\/www.cpv-ev.com\/index.php?rest_route=\/wp\/v2\/posts"}],"about":[{"href":"https:\/\/www.cpv-ev.com\/index.php?rest_route=\/wp\/v2\/types\/post"}],"author":[{"embeddable":true,"href":"https:\/\/www.cpv-ev.com\/index.php?rest_route=\/wp\/v2\/users\/1"}],"replies":[{"embeddable":true,"href":"https:\/\/www.cpv-ev.com\/index.php?rest_route=%2Fwp%2Fv2%2Fcomments&post=3478"}],"version-history":[{"count":0,"href":"https:\/\/www.cpv-ev.com\/index.php?rest_route=\/wp\/v2\/posts\/3478\/revisions"}],"wp:attachment":[{"href":"https:\/\/www.cpv-ev.com\/index.php?rest_route=%2Fwp%2Fv2%2Fmedia&parent=3478"}],"wp:term":[{"taxonomy":"category","embeddable":true,"href":"https:\/\/www.cpv-ev.com\/index.php?rest_route=%2Fwp%2Fv2%2Fcategories&post=3478"},{"taxonomy":"post_tag","embeddable":true,"href":"https:\/\/www.cpv-ev.com\/index.php?rest_route=%2Fwp%2Fv2%2Ftags&post=3478"}],"curies":[{"name":"wp","href":"https:\/\/api.w.org\/{rel}","templated":true}]}}