{"id":3453,"date":"2010-07-03T08:35:37","date_gmt":"2010-07-03T06:35:37","guid":{"rendered":"https:\/\/www.cpv-ev.com\/?p=3453"},"modified":"2012-08-01T08:42:19","modified_gmt":"2012-08-01T06:42:19","slug":"rasseprasentation-oberbayerisches-pony-schaufenster","status":"publish","type":"post","link":"https:\/\/www.cpv-ev.com\/?p=3453","title":{"rendered":"03.07.2010 &#8211; Rassepr\u00e4sentation &#8222;Oberbayerisches Pony-Schaufenster&#8220;"},"content":{"rendered":"<p><strong>Connemara-Beteiligung beim Sommerfest der Reitanlage am Irschenberg<\/strong><\/p>\n<p><!--more--><\/p>\n<p>&nbsp;<\/p>\n<p><strong>(AVC)<\/strong> Flirrende Hitze und ein spannendes Viertelfinal-Spiel der Fu\u00dfballweltmeisterschaft &#8211; dies waren die erschwerten Bedingungen, unter denen die engagierten Ponyz\u00fcchter des oberbayerischen Regionalverbandes bei ihrem eineinhalbst\u00fcndigen Auftritt am Sommerfest der Reitanlage am Irschenberg am 3. Juli 2010 zu bestehen hatten.<\/p>\n<p>&nbsp;<\/p>\n<p><a href=\"https:\/\/www.cpv-ev.com\/wp-content\/uploads\/2012\/08\/Sommerfest_Irschenberg.jpg\"><img loading=\"lazy\" decoding=\"async\" class=\"alignright size-thumbnail wp-image-3454\" title=\"Sommerfest Irschenberg\" src=\"https:\/\/www.cpv-ev.com\/wp-content\/uploads\/2012\/08\/Sommerfest_Irschenberg-147x110.jpg\" alt=\"\" width=\"147\" height=\"110\" srcset=\"https:\/\/www.cpv-ev.com\/wp-content\/uploads\/2012\/08\/Sommerfest_Irschenberg-147x110.jpg 147w, https:\/\/www.cpv-ev.com\/wp-content\/uploads\/2012\/08\/Sommerfest_Irschenberg-300x225.jpg 300w, https:\/\/www.cpv-ev.com\/wp-content\/uploads\/2012\/08\/Sommerfest_Irschenberg-500x374.jpg 500w, https:\/\/www.cpv-ev.com\/wp-content\/uploads\/2012\/08\/Sommerfest_Irschenberg-146x110.jpg 146w, https:\/\/www.cpv-ev.com\/wp-content\/uploads\/2012\/08\/Sommerfest_Irschenberg.jpg 750w\" sizes=\"auto, (max-width: 147px) 100vw, 147px\" \/><\/a><\/p>\n<p>&nbsp;<\/p>\n<p>Statt einer meist nur f\u00fcr Fachpublikum wirklich interessanten Zuchtschau hatten sie eine abwechslungsreiche und kunterbunte Rassepr\u00e4sentation organisiert. Zw\u00f6lf verschiedene Pony- und Kleinpferderassen wurden auf dem gro\u00dfen Sandplatz der Reitanlage gezeigt.<\/p>\n<p>&nbsp;<\/p>\n<p>Ob unter dem Sattel oder mit Hoher Schule an der Hand, ob sportlich ehrgeizig oder freizeitm\u00e4\u00dfig entspannt: Die Besitzer r\u00fcckten ihre vierbeinigen Sch\u00e4tze ins beste Rampenlicht.<\/p>\n<p>&nbsp;<\/p>\n<p>&nbsp;<\/p>\n<p>&nbsp;<\/p>\n<p><a href=\"https:\/\/www.cpv-ev.com\/wp-content\/uploads\/2012\/08\/Courtens_Sinn_Fein.jpg\"><img loading=\"lazy\" decoding=\"async\" class=\"alignright size-thumbnail wp-image-3455\" title=\"Courtens Sinn F\u00e9in\" src=\"https:\/\/www.cpv-ev.com\/wp-content\/uploads\/2012\/08\/Courtens_Sinn_Fein-146x110.jpg\" alt=\"\" width=\"146\" height=\"110\" srcset=\"https:\/\/www.cpv-ev.com\/wp-content\/uploads\/2012\/08\/Courtens_Sinn_Fein-146x110.jpg 146w, https:\/\/www.cpv-ev.com\/wp-content\/uploads\/2012\/08\/Courtens_Sinn_Fein-300x225.jpg 300w, https:\/\/www.cpv-ev.com\/wp-content\/uploads\/2012\/08\/Courtens_Sinn_Fein-500x375.jpg 500w, https:\/\/www.cpv-ev.com\/wp-content\/uploads\/2012\/08\/Courtens_Sinn_Fein.jpg 601w\" sizes=\"auto, (max-width: 146px) 100vw, 146px\" \/><\/a>F\u00fcr das Rasseschaubild \u201eConnemara Pony\u201c war die 13j\u00e4hrige Anna H\u00f6f mit ihrer Stute \u201eCourtens Sinn F\u00e9in\u201c (V: Westside Frank, M: SP Siss v. El Larry II, geb. 2004, B: Familie H\u00f6f, M\u00fcnchen) das erste Mal in breiter \u00d6ffentlichkeit aufgetreten, um zwanglos auszuprobieren, wie F\u00e9ini auf Lautsprecher, bunte Hindernisse und Trubel reagieren w\u00fcrde.<\/p>\n<p>Ergebnis: Dieses Team hat seine Generalprobe f\u00fcr die zuk\u00fcnftige Turniersaison bestens gemeistert und F\u00e9ini hat den Rassespr\u00fcchen \u00fcber Connemaras alle Ehre gemacht:<\/p>\n<p>\u201eZu halten wie ein Pony und zu reiten wie ein Pferd\u201c bzw. \u201eConnemaras k\u00f6nnen einfach alles\u201c.<\/p>\n<p>&nbsp;<\/p>\n<p>Fotos der weiteren Teilnehmer auf der Website des oberbayerischen Ponyzuchtverbands unter<\/p>\n<p><a href=\"https:\/\/www.ponys-aus-oberbayern.de\" target=\"_blank\">www.ponys-aus-oberbayern.de<\/a><\/p>\n","protected":false},"excerpt":{"rendered":"<p>Connemara-Beteiligung beim Sommerfest der Reitanlage am Irschenberg<\/p>\n","protected":false},"author":1,"featured_media":0,"comment_status":"closed","ping_status":"closed","sticky":false,"template":"","format":"standard","meta":{"ngg_post_thumbnail":0,"footnotes":""},"categories":[10],"tags":[],"class_list":["post-3453","post","type-post","status-publish","format-standard","hentry","category-news-2010"],"_links":{"self":[{"href":"https:\/\/www.cpv-ev.com\/index.php?rest_route=\/wp\/v2\/posts\/3453","targetHints":{"allow":["GET"]}}],"collection":[{"href":"https:\/\/www.cpv-ev.com\/index.php?rest_route=\/wp\/v2\/posts"}],"about":[{"href":"https:\/\/www.cpv-ev.com\/index.php?rest_route=\/wp\/v2\/types\/post"}],"author":[{"embeddable":true,"href":"https:\/\/www.cpv-ev.com\/index.php?rest_route=\/wp\/v2\/users\/1"}],"replies":[{"embeddable":true,"href":"https:\/\/www.cpv-ev.com\/index.php?rest_route=%2Fwp%2Fv2%2Fcomments&post=3453"}],"version-history":[{"count":0,"href":"https:\/\/www.cpv-ev.com\/index.php?rest_route=\/wp\/v2\/posts\/3453\/revisions"}],"wp:attachment":[{"href":"https:\/\/www.cpv-ev.com\/index.php?rest_route=%2Fwp%2Fv2%2Fmedia&parent=3453"}],"wp:term":[{"taxonomy":"category","embeddable":true,"href":"https:\/\/www.cpv-ev.com\/index.php?rest_route=%2Fwp%2Fv2%2Fcategories&post=3453"},{"taxonomy":"post_tag","embeddable":true,"href":"https:\/\/www.cpv-ev.com\/index.php?rest_route=%2Fwp%2Fv2%2Ftags&post=3453"}],"curies":[{"name":"wp","href":"https:\/\/api.w.org\/{rel}","templated":true}]}}