{"id":3421,"date":"2010-07-07T21:06:45","date_gmt":"2010-07-07T19:06:45","guid":{"rendered":"https:\/\/www.cpv-ev.com\/?p=3421"},"modified":"2012-07-31T21:11:36","modified_gmt":"2012-07-31T19:11:36","slug":"stuten-und-fohlenschau-goch","status":"publish","type":"post","link":"https:\/\/www.cpv-ev.com\/?p=3421","title":{"rendered":"07.07.2010 &#8211; Stuten- und Fohlenschau Goch"},"content":{"rendered":"<p><strong>(HD) Am 7. Juli fand die Pferdezuchtschau des Kreises Kleve in Goch-Heidhausen bei strahlendem Sonnenschein statt.<\/strong><\/p>\n<p><!--more--><\/p>\n<p>&nbsp;<\/p>\n<p>Die Richterkommission bildeten der Vorsitzende des Rheinischen Pferdestammbuches Herr August Camp, der Zuchtleiter Hr. Martin Spoo und Fr. Franziska von Kintzel als Vertreterin der Kleinpferde.<\/p>\n<p>&nbsp;<\/p>\n<p>Familie Sonja und Jan Hendricks stellten die dreij\u00e4hrige Schimmelstute \u201eGlandys Rocking Mallow\u201c von Skousboe Morning Rock a. d. Pride Moyra aus bayerischer Zucht vor. Sie ist, so Jan,\u00a0 die Urenkelin meines ersten Connemara-Ponys Flora. Mit den Wertnoten 77787 bekam sie die Einladung zur Elitestutenschau im September.<\/p>\n<p>&nbsp;<\/p>\n<p><strong>\u00a0<\/strong><br \/>\n<a href=\"https:\/\/www.cpv-ev.com\/wp-content\/uploads\/2012\/07\/Viller_Eaton.jpg\"><img loading=\"lazy\" decoding=\"async\" class=\"alignright size-thumbnail wp-image-874\" title=\"Viller Eaton\" src=\"https:\/\/www.cpv-ev.com\/wp-content\/uploads\/2012\/07\/Viller_Eaton-e1342529894126-110x110.jpg\" alt=\"\" width=\"110\" height=\"110\" \/><\/a><a href=\"https:\/\/www.cpv-ev.com\/wp-content\/uploads\/2010\/07\/Viller_Eaton1.jpg\"><img loading=\"lazy\" decoding=\"async\" class=\"alignright size-thumbnail wp-image-3425\" title=\"Viller Eaton\" src=\"https:\/\/www.cpv-ev.com\/wp-content\/uploads\/2010\/07\/Viller_Eaton1-79x110.jpg\" alt=\"\" width=\"79\" height=\"110\" srcset=\"https:\/\/www.cpv-ev.com\/wp-content\/uploads\/2010\/07\/Viller_Eaton1-79x110.jpg 79w, https:\/\/www.cpv-ev.com\/wp-content\/uploads\/2010\/07\/Viller_Eaton1-300x414.jpg 300w, https:\/\/www.cpv-ev.com\/wp-content\/uploads\/2010\/07\/Viller_Eaton1-362x500.jpg 362w, https:\/\/www.cpv-ev.com\/wp-content\/uploads\/2010\/07\/Viller_Eaton1.jpg 543w\" sizes=\"auto, (max-width: 79px) 100vw, 79px\" \/><\/a>Auch bei den Connemara-Fohlen waren wir die einzigen Vertreter. Unser junger Hengst \u201eViller Eaton\u201c v. Easter v.d. Leliaard a. d. StPrSt. Viller Baghira zeigte sich von seiner besten Seite, trabte mit gro\u00dfen Bewegungen \u00fcber die Dreiecksbahn und bekam die 1a Silberpr\u00e4mie.<\/p>\n<p>&nbsp;<\/p>\n<p>&nbsp;<\/p>\n<p>&nbsp;<\/p>\n<p>&nbsp;<\/p>\n","protected":false},"excerpt":{"rendered":"<p>(HD) Am 7. Juli fand die Pferdezuchtschau des Kreises Kleve in Goch-Heidhausen bei strahlendem Sonnenschein statt.<\/p>\n","protected":false},"author":1,"featured_media":0,"comment_status":"closed","ping_status":"closed","sticky":false,"template":"","format":"standard","meta":{"ngg_post_thumbnail":0,"footnotes":""},"categories":[10,8],"tags":[],"class_list":["post-3421","post","type-post","status-publish","format-standard","hentry","category-news-2010","category-zucht-veranstaltungen"],"_links":{"self":[{"href":"https:\/\/www.cpv-ev.com\/index.php?rest_route=\/wp\/v2\/posts\/3421","targetHints":{"allow":["GET"]}}],"collection":[{"href":"https:\/\/www.cpv-ev.com\/index.php?rest_route=\/wp\/v2\/posts"}],"about":[{"href":"https:\/\/www.cpv-ev.com\/index.php?rest_route=\/wp\/v2\/types\/post"}],"author":[{"embeddable":true,"href":"https:\/\/www.cpv-ev.com\/index.php?rest_route=\/wp\/v2\/users\/1"}],"replies":[{"embeddable":true,"href":"https:\/\/www.cpv-ev.com\/index.php?rest_route=%2Fwp%2Fv2%2Fcomments&post=3421"}],"version-history":[{"count":0,"href":"https:\/\/www.cpv-ev.com\/index.php?rest_route=\/wp\/v2\/posts\/3421\/revisions"}],"wp:attachment":[{"href":"https:\/\/www.cpv-ev.com\/index.php?rest_route=%2Fwp%2Fv2%2Fmedia&parent=3421"}],"wp:term":[{"taxonomy":"category","embeddable":true,"href":"https:\/\/www.cpv-ev.com\/index.php?rest_route=%2Fwp%2Fv2%2Fcategories&post=3421"},{"taxonomy":"post_tag","embeddable":true,"href":"https:\/\/www.cpv-ev.com\/index.php?rest_route=%2Fwp%2Fv2%2Ftags&post=3421"}],"curies":[{"name":"wp","href":"https:\/\/api.w.org\/{rel}","templated":true}]}}