{"id":3269,"date":"2010-10-15T14:54:59","date_gmt":"2010-10-15T12:54:59","guid":{"rendered":"https:\/\/www.cpv-ev.com\/?p=3269"},"modified":"2012-07-31T17:26:13","modified_gmt":"2012-07-31T15:26:13","slug":"15-10-2010-bayerische-pony-nachkorung","status":"publish","type":"post","link":"https:\/\/www.cpv-ev.com\/?p=3269","title":{"rendered":"15.10.2010 &#8211; Bayerische Pony-Nachk\u00f6rung"},"content":{"rendered":"<p><strong>Von 4 vorgestellten Hengsten wurden 2 nicht gek\u00f6rt, ein Hengst wurde zur\u00fcckgezogen.<\/strong><\/p>\n<p><!--more--><\/p>\n<p>&nbsp;<\/p>\n<p>Der gek\u00f6rte Hengst ist <a title=\"Patriks Meirli\u00fan\" href=\"?page_id=466\">Patriks Meirli\u00fan<\/a> aus der Zucht und dem Besitz von Ulrike Kr\u00fcger in Weidenberg.<\/p>\n<p>&nbsp;<\/p>\n<p>Der Kommentar der Richter zu diesem 3j\u00e4hrigen Hengst:<\/p>\n<p>Typvoller Hengst mit gutem Fundament. Fiel durch seine aktive Hinterhand und sein Springverm\u00f6gen, das auf Grund der zu kurzen Abst\u00e4nde der Hindernisse nicht ausgereizt werden konnte, auf. Sehr angenehm im Charakter.<\/p>\n<p>&nbsp;<\/p>\n<p>Herzlichen Gl\u00fcckwunsch!<\/p>\n<p>&nbsp;<\/p>\n<p><img loading=\"lazy\" decoding=\"async\" class=\"alignnone size-thumbnail wp-image-1394\" title=\"Patriks Meirli\u00fan \" src=\"https:\/\/www.cpv-ev.com\/wp-content\/uploads\/2012\/07\/Patriks_Meirliun21-165x110.jpg\" alt=\"\" width=\"165\" height=\"110\" srcset=\"https:\/\/www.cpv-ev.com\/wp-content\/uploads\/2012\/07\/Patriks_Meirliun21-165x110.jpg 165w, https:\/\/www.cpv-ev.com\/wp-content\/uploads\/2012\/07\/Patriks_Meirliun21-300x199.jpg 300w, https:\/\/www.cpv-ev.com\/wp-content\/uploads\/2012\/07\/Patriks_Meirliun21.jpg 458w\" sizes=\"auto, (max-width: 165px) 100vw, 165px\" \/>\u00a0 \u00a0<img loading=\"lazy\" decoding=\"async\" class=\"alignnone size-thumbnail wp-image-3270\" title=\"Patriks Meirli\u00fan\" src=\"https:\/\/www.cpv-ev.com\/wp-content\/uploads\/2012\/07\/Patriks_Meirliun6-146x110.jpg\" alt=\"\" width=\"146\" height=\"110\" srcset=\"https:\/\/www.cpv-ev.com\/wp-content\/uploads\/2012\/07\/Patriks_Meirliun6-146x110.jpg 146w, https:\/\/www.cpv-ev.com\/wp-content\/uploads\/2012\/07\/Patriks_Meirliun6-300x225.jpg 300w, https:\/\/www.cpv-ev.com\/wp-content\/uploads\/2012\/07\/Patriks_Meirliun6-500x376.jpg 500w, https:\/\/www.cpv-ev.com\/wp-content\/uploads\/2012\/07\/Patriks_Meirliun6.jpg 605w\" sizes=\"auto, (max-width: 146px) 100vw, 146px\" \/>\u00a0 \u00a0<img loading=\"lazy\" decoding=\"async\" class=\"alignnone size-thumbnail wp-image-3272\" title=\"Patriks Meirli\u00fan\" src=\"https:\/\/www.cpv-ev.com\/wp-content\/uploads\/2012\/07\/Patriks_Meirliun4-146x110.jpg\" alt=\"\" width=\"146\" height=\"110\" srcset=\"https:\/\/www.cpv-ev.com\/wp-content\/uploads\/2012\/07\/Patriks_Meirliun4-146x110.jpg 146w, https:\/\/www.cpv-ev.com\/wp-content\/uploads\/2012\/07\/Patriks_Meirliun4-300x225.jpg 300w, https:\/\/www.cpv-ev.com\/wp-content\/uploads\/2012\/07\/Patriks_Meirliun4-500x375.jpg 500w, https:\/\/www.cpv-ev.com\/wp-content\/uploads\/2012\/07\/Patriks_Meirliun4.jpg 600w\" sizes=\"auto, (max-width: 146px) 100vw, 146px\" \/>\u00a0 \u00a0<img loading=\"lazy\" decoding=\"async\" class=\"alignnone size-thumbnail wp-image-3271\" title=\"Patriks Meirli\u00fan\" src=\"https:\/\/www.cpv-ev.com\/wp-content\/uploads\/2012\/07\/Patriks_Meirliun5-146x110.jpg\" alt=\"\" width=\"146\" height=\"110\" srcset=\"https:\/\/www.cpv-ev.com\/wp-content\/uploads\/2012\/07\/Patriks_Meirliun5-146x110.jpg 146w, https:\/\/www.cpv-ev.com\/wp-content\/uploads\/2012\/07\/Patriks_Meirliun5-300x225.jpg 300w, https:\/\/www.cpv-ev.com\/wp-content\/uploads\/2012\/07\/Patriks_Meirliun5-500x375.jpg 500w, https:\/\/www.cpv-ev.com\/wp-content\/uploads\/2012\/07\/Patriks_Meirliun5.jpg 604w\" sizes=\"auto, (max-width: 146px) 100vw, 146px\" \/><\/p>\n<p>Fotos: Angelika von Courten<\/p>\n<p>&nbsp;<\/p>\n<p>&nbsp;<\/p>\n","protected":false},"excerpt":{"rendered":"<p>Von 4 vorgestellten Hengsten wurden 2 nicht gek\u00f6rt, ein Hengst wurde zur\u00fcckgezogen.<\/p>\n","protected":false},"author":1,"featured_media":0,"comment_status":"closed","ping_status":"closed","sticky":false,"template":"","format":"standard","meta":{"ngg_post_thumbnail":0,"footnotes":""},"categories":[10,8],"tags":[],"class_list":["post-3269","post","type-post","status-publish","format-standard","hentry","category-news-2010","category-zucht-veranstaltungen"],"_links":{"self":[{"href":"https:\/\/www.cpv-ev.com\/index.php?rest_route=\/wp\/v2\/posts\/3269","targetHints":{"allow":["GET"]}}],"collection":[{"href":"https:\/\/www.cpv-ev.com\/index.php?rest_route=\/wp\/v2\/posts"}],"about":[{"href":"https:\/\/www.cpv-ev.com\/index.php?rest_route=\/wp\/v2\/types\/post"}],"author":[{"embeddable":true,"href":"https:\/\/www.cpv-ev.com\/index.php?rest_route=\/wp\/v2\/users\/1"}],"replies":[{"embeddable":true,"href":"https:\/\/www.cpv-ev.com\/index.php?rest_route=%2Fwp%2Fv2%2Fcomments&post=3269"}],"version-history":[{"count":0,"href":"https:\/\/www.cpv-ev.com\/index.php?rest_route=\/wp\/v2\/posts\/3269\/revisions"}],"wp:attachment":[{"href":"https:\/\/www.cpv-ev.com\/index.php?rest_route=%2Fwp%2Fv2%2Fmedia&parent=3269"}],"wp:term":[{"taxonomy":"category","embeddable":true,"href":"https:\/\/www.cpv-ev.com\/index.php?rest_route=%2Fwp%2Fv2%2Fcategories&post=3269"},{"taxonomy":"post_tag","embeddable":true,"href":"https:\/\/www.cpv-ev.com\/index.php?rest_route=%2Fwp%2Fv2%2Ftags&post=3269"}],"curies":[{"name":"wp","href":"https:\/\/api.w.org\/{rel}","templated":true}]}}