{"id":29448,"date":"2025-08-08T13:24:06","date_gmt":"2025-08-08T11:24:06","guid":{"rendered":"https:\/\/www.cpv-ev.com\/?p=29448"},"modified":"2026-04-22T13:00:27","modified_gmt":"2026-04-22T11:00:27","slug":"08-08-2025-sportponyfoerderung-2024-ein-etwas-ungewoehnlicher-aspirant","status":"publish","type":"post","link":"https:\/\/www.cpv-ev.com\/?p=29448","title":{"rendered":"08.08.2025 &#8211; Sportponyf\u00f6rderung 2024 &#8211; Ein etwas ungew\u00f6hnlicher Aspirant"},"content":{"rendered":"<p><strong>&nbsp;Das Connemara Show Team<\/strong><\/p>\r\n\r\n<p><!--more--><\/p>\r\n\r\n<p>Das Connemara Show Team ist eine Gruppe von Enthusiasten, die es sich auf die Fahne geschrieben hat, das Connemara Pony bei Veranstaltungen in Geschichten mit phantasievollen Kost\u00fcmen zu pr\u00e4sentieren.&nbsp;<\/p>\r\n<p>Es hat etwas gedauert, aber hier nun ihre Berichte \u00fcber ihre Auftritte in 2024.&nbsp;<\/p>\r\n<p><span class=\"yiv9212520926s1\"><a href=\"https:\/\/www.cpv-ev.com\/wp-content\/uploads\/2025\/08\/fotosleben_846A0616_S-mit-Logo-max.-800px-_84184954_.jpg\"><img loading=\"lazy\" decoding=\"async\" class=\"alignleft size-thumbnail wp-image-29452\" src=\"https:\/\/www.cpv-ev.com\/wp-content\/uploads\/2025\/08\/fotosleben_846A0616_S-mit-Logo-max.-800px-_84184954_-165x110.jpg\" alt=\"\" width=\"165\" height=\"110\" srcset=\"https:\/\/www.cpv-ev.com\/wp-content\/uploads\/2025\/08\/fotosleben_846A0616_S-mit-Logo-max.-800px-_84184954_-165x110.jpg 165w, https:\/\/www.cpv-ev.com\/wp-content\/uploads\/2025\/08\/fotosleben_846A0616_S-mit-Logo-max.-800px-_84184954_-300x200.jpg 300w, https:\/\/www.cpv-ev.com\/wp-content\/uploads\/2025\/08\/fotosleben_846A0616_S-mit-Logo-max.-800px-_84184954_-500x333.jpg 500w, https:\/\/www.cpv-ev.com\/wp-content\/uploads\/2025\/08\/fotosleben_846A0616_S-mit-Logo-max.-800px-_84184954_-768x512.jpg 768w, https:\/\/www.cpv-ev.com\/wp-content\/uploads\/2025\/08\/fotosleben_846A0616_S-mit-Logo-max.-800px-_84184954_.jpg 800w\" sizes=\"auto, (max-width: 165px) 100vw, 165px\" \/><\/a>Am ersten <strong>Juniwochenende 2024<\/strong> fand das beliebte&nbsp;<\/span><span class=\"yiv9212520926s2\">Ponyfest Sch\u00f6nbach<\/span><span class=\"yiv9212520926s1\">&nbsp;in Herborn statt. Das Ponyfest ist ein Event f\u00fcr Pferdefreunde, Familien und Pferdesportinteressierte, welches auch 2024 trotz herausfordernder Wetterbedingungen viele Besucher anlockte. Regen und nasser Boden stellten zwar hohe Anforderungen an das Team der Organisation und die Teilnehmer, doch das tat der Veranstaltung keinen Abbruch! Mit viel Herzblut wurde ein vielf\u00e4ltiges Programm auf die Beine gestellt und ist jedes Jahr aufs Neue empfehlenswert! Die Veranstaltung bietet f\u00fcr Gro\u00df und Klein tolle Programmpunkte und kostet keinen Eintritt. <\/span><\/p>\r\n<p><span class=\"yiv9212520926s1\">Im Rahmen des allj\u00e4hrlichen Showprogramms war das Connemara Showteam zu Gast, das mit der <a href=\"https:\/\/www.cpv-ev.com\/wp-content\/uploads\/2025\/08\/fotosleben_846A0612_S-mit-Logo-max.-800px-_45b7a4a3_.jpg\"><img loading=\"lazy\" decoding=\"async\" class=\"alignright size-thumbnail wp-image-29453\" src=\"https:\/\/www.cpv-ev.com\/wp-content\/uploads\/2025\/08\/fotosleben_846A0612_S-mit-Logo-max.-800px-_45b7a4a3_-165x110.jpg\" alt=\"\" width=\"165\" height=\"110\" srcset=\"https:\/\/www.cpv-ev.com\/wp-content\/uploads\/2025\/08\/fotosleben_846A0612_S-mit-Logo-max.-800px-_45b7a4a3_-165x110.jpg 165w, https:\/\/www.cpv-ev.com\/wp-content\/uploads\/2025\/08\/fotosleben_846A0612_S-mit-Logo-max.-800px-_45b7a4a3_-300x200.jpg 300w, https:\/\/www.cpv-ev.com\/wp-content\/uploads\/2025\/08\/fotosleben_846A0612_S-mit-Logo-max.-800px-_45b7a4a3_-500x333.jpg 500w, https:\/\/www.cpv-ev.com\/wp-content\/uploads\/2025\/08\/fotosleben_846A0612_S-mit-Logo-max.-800px-_45b7a4a3_-768x512.jpg 768w, https:\/\/www.cpv-ev.com\/wp-content\/uploads\/2025\/08\/fotosleben_846A0612_S-mit-Logo-max.-800px-_45b7a4a3_.jpg 800w\" sizes=\"auto, (max-width: 165px) 100vw, 165px\" \/><\/a>Inszenierung&nbsp;<span class=\"yiv9212520926s2\">\u201eDie W\u00e4chter des Kristalls\u201c<\/span>&nbsp;die Premiere dieses selbst geschrieben M\u00e4rchens feierte. In liebevoll gestalteten Kost\u00fcmen erz\u00e4hlte das Showteam mit sieben Ponys ein m\u00e4rchenhaftes Abenteuer, getragen von der Ausstrahlung und Vielseitigkeit der Connemaraponys.<\/span><\/p>\r\n<p>&nbsp;<\/p>\r\n<p class=\"yiv9212520926p1\"><span class=\"yiv9212520926s1\">Mit dabei war auch&nbsp;<\/span><span class=\"yiv9212520926s2\">Jaycen <b>Schlesinger<\/b><\/span><span class=\"yiv9212520926s1\">, vielen bekannt durch seinen Instagram-Kanal&nbsp;<\/span><span class=\"yiv9212520926s2\">@jaycen_liebt_gluecksbaer<\/span><span class=\"yiv9212520926s1\">. Sein Auftritt unterstrich, wie hervorragend sich Connemaras als&nbsp;<\/span><span class=\"yiv9212520926s2\">Familien- und Therapiepferde<\/span><span class=\"yiv9212520926s1\">&nbsp;eignen. Jaycen selbst ist mit seinem Connemarapony Teddy sehr erfolgreich im Sport unterwegs!&nbsp;<\/span><\/p>\r\n<p>&nbsp;<\/p>\r\n<p class=\"yiv9212520926p1\"><span class=\"yiv9212520926s1\"><a href=\"https:\/\/www.cpv-ev.com\/wp-content\/uploads\/2025\/08\/fotosleben_846A0549_S-mit-Logo-max.-800px-_1237e3cc_.jpg\"><img loading=\"lazy\" decoding=\"async\" class=\"alignleft size-thumbnail wp-image-29454\" src=\"https:\/\/www.cpv-ev.com\/wp-content\/uploads\/2025\/08\/fotosleben_846A0549_S-mit-Logo-max.-800px-_1237e3cc_-165x110.jpg\" alt=\"\" width=\"165\" height=\"110\" srcset=\"https:\/\/www.cpv-ev.com\/wp-content\/uploads\/2025\/08\/fotosleben_846A0549_S-mit-Logo-max.-800px-_1237e3cc_-165x110.jpg 165w, https:\/\/www.cpv-ev.com\/wp-content\/uploads\/2025\/08\/fotosleben_846A0549_S-mit-Logo-max.-800px-_1237e3cc_-300x200.jpg 300w, https:\/\/www.cpv-ev.com\/wp-content\/uploads\/2025\/08\/fotosleben_846A0549_S-mit-Logo-max.-800px-_1237e3cc_-500x333.jpg 500w, https:\/\/www.cpv-ev.com\/wp-content\/uploads\/2025\/08\/fotosleben_846A0549_S-mit-Logo-max.-800px-_1237e3cc_-768x512.jpg 768w, https:\/\/www.cpv-ev.com\/wp-content\/uploads\/2025\/08\/fotosleben_846A0549_S-mit-Logo-max.-800px-_1237e3cc_.jpg 800w\" sizes=\"auto, (max-width: 165px) 100vw, 165px\" \/><\/a>Mit ihrem ausgeglichenen Charakter, ihrer Menschenbezogenheit und ihrem feinen Gesp\u00fcr f\u00fcr ihr Gegen\u00fcber sind die Connemaras nicht nur sportlich talentierte Ponys, sondern auch verl\u00e4ssliche Partner f\u00fcr Jung und Alt.<\/span><\/p>\r\n<p class=\"yiv9212520926p1\"><span class=\"yiv9212520926s1\">Die Pr\u00e4sentation zeigte die Vielfalt der Rasse: Connemaras \u00fcberzeugen mit Intelligenz, Mut, Nervenst\u00e4rke und einem gro\u00dfen Herzen. Selbst die anspruchsvollen Bodenverh\u00e4ltnisse des Wochenendes meisterten sie mit Trittsicherheit und Gelassenheit, was die Rassetypische Robustheit und Verl\u00e4sslichkeit wiederspiegelt.<\/span><\/p>\r\n<p class=\"yiv9212520926p1\"><span class=\"yiv9212520926s1\"> <a href=\"https:\/\/www.cpv-ev.com\/wp-content\/uploads\/2025\/08\/fotosleben_846A0503_S-mit-Logo-max.-800px-_776d90da_.jpg\"><img loading=\"lazy\" decoding=\"async\" class=\"alignright size-thumbnail wp-image-29455\" src=\"https:\/\/www.cpv-ev.com\/wp-content\/uploads\/2025\/08\/fotosleben_846A0503_S-mit-Logo-max.-800px-_776d90da_-165x110.jpg\" alt=\"\" width=\"165\" height=\"110\" srcset=\"https:\/\/www.cpv-ev.com\/wp-content\/uploads\/2025\/08\/fotosleben_846A0503_S-mit-Logo-max.-800px-_776d90da_-165x110.jpg 165w, https:\/\/www.cpv-ev.com\/wp-content\/uploads\/2025\/08\/fotosleben_846A0503_S-mit-Logo-max.-800px-_776d90da_-300x200.jpg 300w, https:\/\/www.cpv-ev.com\/wp-content\/uploads\/2025\/08\/fotosleben_846A0503_S-mit-Logo-max.-800px-_776d90da_-500x333.jpg 500w, https:\/\/www.cpv-ev.com\/wp-content\/uploads\/2025\/08\/fotosleben_846A0503_S-mit-Logo-max.-800px-_776d90da_-768x512.jpg 768w, https:\/\/www.cpv-ev.com\/wp-content\/uploads\/2025\/08\/fotosleben_846A0503_S-mit-Logo-max.-800px-_776d90da_.jpg 800w\" sizes=\"auto, (max-width: 165px) 100vw, 165px\" \/><\/a><\/span><\/p>\r\n<p>&nbsp;<\/p>\r\n<p class=\"yiv9212520926p1\"><span class=\"yiv9212520926s1\">Das Ponyfest Sch\u00f6nbach wurde so zu einer gelungenen B\u00fchne f\u00fcr die Connemaras und f\u00fcr eine spannende Show, die M\u00e4rchen und Realit\u00e4t auf wunderbare Weise miteinander verband.<\/span><\/p>\r\n<p>&nbsp;<\/p>\r\n<p>&nbsp;<\/p>\r\n<p>&nbsp;<\/p>\r\n<p>Am Abend des<strong> 3. August 2024<\/strong> zeigte das Connemara Showteam im Rahmen des Turniers des Reit- und Fahrvereins Lobberich eine besondere Showeinlage mit dem Namen \u201eMystische Connemaraponys\u201c. Bei Flutlicht pr\u00e4sentierten sieben Reiterpaare und eine Kutsche ein M\u00e4rchenspiel, in dem Gut und B\u00f6se um einen Kristall k\u00e4mpften.<\/p>\r\n<p><span style=\"background-color: #eeeeee;\">&nbsp;<\/span><a href=\"https:\/\/www.cpv-ev.com\/wp-content\/uploads\/2025\/08\/846A0543-scaled.jpg\"><img loading=\"lazy\" decoding=\"async\" class=\"size-thumbnail wp-image-29463 alignnone\" src=\"https:\/\/www.cpv-ev.com\/wp-content\/uploads\/2025\/08\/846A0543-165x110.jpg\" alt=\"\" width=\"165\" height=\"110\" srcset=\"https:\/\/www.cpv-ev.com\/wp-content\/uploads\/2025\/08\/846A0543-165x110.jpg 165w, https:\/\/www.cpv-ev.com\/wp-content\/uploads\/2025\/08\/846A0543-300x200.jpg 300w, https:\/\/www.cpv-ev.com\/wp-content\/uploads\/2025\/08\/846A0543-500x333.jpg 500w, https:\/\/www.cpv-ev.com\/wp-content\/uploads\/2025\/08\/846A0543-768x512.jpg 768w, https:\/\/www.cpv-ev.com\/wp-content\/uploads\/2025\/08\/846A0543-1536x1024.jpg 1536w, https:\/\/www.cpv-ev.com\/wp-content\/uploads\/2025\/08\/846A0543-2048x1365.jpg 2048w\" sizes=\"auto, (max-width: 165px) 100vw, 165px\" \/>&nbsp;&nbsp;&nbsp;&nbsp;&nbsp;&nbsp; <\/a><a href=\"https:\/\/www.cpv-ev.com\/wp-content\/uploads\/2025\/08\/846A0402-scaled.jpg\"><img loading=\"lazy\" decoding=\"async\" class=\"alignnone size-thumbnail wp-image-29462\" src=\"https:\/\/www.cpv-ev.com\/wp-content\/uploads\/2025\/08\/846A0402-165x110.jpg\" alt=\"\" width=\"165\" height=\"110\" srcset=\"https:\/\/www.cpv-ev.com\/wp-content\/uploads\/2025\/08\/846A0402-165x110.jpg 165w, https:\/\/www.cpv-ev.com\/wp-content\/uploads\/2025\/08\/846A0402-300x200.jpg 300w, https:\/\/www.cpv-ev.com\/wp-content\/uploads\/2025\/08\/846A0402-500x333.jpg 500w, https:\/\/www.cpv-ev.com\/wp-content\/uploads\/2025\/08\/846A0402-768x512.jpg 768w, https:\/\/www.cpv-ev.com\/wp-content\/uploads\/2025\/08\/846A0402-1536x1024.jpg 1536w, https:\/\/www.cpv-ev.com\/wp-content\/uploads\/2025\/08\/846A0402-2048x1365.jpg 2048w\" sizes=\"auto, (max-width: 165px) 100vw, 165px\" \/><\/a><\/p>\r\n<p>Die Vorf\u00fchrung wurde vom Publikum mit gro\u00dfem Applaus belohnt. Die Kulisse des Abendprogramms in Lobberich bot dem Showteam eine tolle Atmosph\u00e4re. Die Reiterinnen und Fahrer zeigten mit ihren Connemaraoonys eine stimmige Choreografie, bei der neben Reit- und Fahrkunst auch die Freude an der Teamarbeit im Vordergrund stand. Denn das Showteam selbst erarbeitet die Auftritte in liebevoller Teamarbeit von der Choreo bis zu den Kost\u00fcmen und Geschichten selbstst\u00e4ndig. Den Abschluss bildete ein symbolischer Sieg der \u201eGuten\u201c, begleitet von wehenden irischen Fahnen.<\/p>\r\n<p>Die Darbietung war ein sch\u00f6nes Beispiel daf\u00fcr, wie vielseitig und verl\u00e4sslich die Connemaraponys in jeder Sparte der Reiterei, sowie im Fahrsport sind.<\/p>\r\n<p>&nbsp;<\/p>\r\n<p>&nbsp;<\/p>\r\n<p>&nbsp;<\/p>\r\n<p class=\"yiv1002803725p1\"><span class=\"yiv1002803725s1\">Auch 2024 war das&nbsp;<\/span><span class=\"yiv1002803725s2\">Connemara Showteam<\/span><span class=\"yiv1002803725s1\">&nbsp;wieder stolzer Teil des Showprogramms der Messe&nbsp;<\/span><span class=\"yiv1002803725s2\">\u201eHund &amp; Pferd\u201c 2024<\/span><span class=\"yiv1002803725s1\">. Die&nbsp;<\/span><span class=\"yiv1002803725s2\">Messe<\/span><span class=\"yiv1002803725s1\">&nbsp;fand vom&nbsp;<\/span><strong><span class=\"yiv1002803725s2\">08. bis 10. November<\/span><\/strong><span class=\"yiv1002803725s1\">&nbsp;in den Hallen der&nbsp;<\/span><span class=\"yiv1002803725s2\">Westfalenhallen Dortmund<\/span><span class=\"yiv1002803725s1\">&nbsp;statt. Sie ist Deutschlands gr\u00f6\u00dfte Kombi-Messe f\u00fcr Hundefreunde und Pferdeliebhaber \u2013 mit \u00fcber&nbsp;<\/span><span class=\"yiv1002803725s2\">250 Pferden<\/span><span class=\"yiv1002803725s1\">, rund&nbsp;<\/span><span class=\"yiv1002803725s2\">10.000 Hunden<\/span><span class=\"yiv1002803725s1\">&nbsp;und beeindruckenden&nbsp;<\/span><span class=\"yiv1002803725s2\">63.000 Besuchern<\/span><span class=\"yiv1002803725s3\">.&nbsp;<\/span><span class=\"yiv1002803725s1\">T\u00e4glich von 10\u201318 Uhr erwartete die Besucher ein&nbsp;<\/span><span class=\"yiv1002803725s2\">Nonstop-Rahmenprogramm<\/span><span class=\"yiv1002803725s1\">&nbsp;mit Rassepr\u00e4sentationen, Pferdeshows, Hunderettungs\u00fcbungen, Agility- und Frisbee-Shows sowie Ausstellungs- und Fachst\u00e4nden.<\/span><\/p>\r\n<p class=\"yiv1002803725p1\"><span class=\"yiv1002803725s1\"><a href=\"https:\/\/www.cpv-ev.com\/wp-content\/uploads\/2025\/08\/fotosleben_846A1487_S-mit-Logo-max.-800px-_9e415d9f_.jpg\"><img loading=\"lazy\" decoding=\"async\" class=\"alignleft size-thumbnail wp-image-29469\" src=\"https:\/\/www.cpv-ev.com\/wp-content\/uploads\/2025\/08\/fotosleben_846A1487_S-mit-Logo-max.-800px-_9e415d9f_-165x110.jpg\" alt=\"\" width=\"165\" height=\"110\" srcset=\"https:\/\/www.cpv-ev.com\/wp-content\/uploads\/2025\/08\/fotosleben_846A1487_S-mit-Logo-max.-800px-_9e415d9f_-165x110.jpg 165w, https:\/\/www.cpv-ev.com\/wp-content\/uploads\/2025\/08\/fotosleben_846A1487_S-mit-Logo-max.-800px-_9e415d9f_-300x200.jpg 300w, https:\/\/www.cpv-ev.com\/wp-content\/uploads\/2025\/08\/fotosleben_846A1487_S-mit-Logo-max.-800px-_9e415d9f_-500x333.jpg 500w, https:\/\/www.cpv-ev.com\/wp-content\/uploads\/2025\/08\/fotosleben_846A1487_S-mit-Logo-max.-800px-_9e415d9f_-768x512.jpg 768w, https:\/\/www.cpv-ev.com\/wp-content\/uploads\/2025\/08\/fotosleben_846A1487_S-mit-Logo-max.-800px-_9e415d9f_.jpg 800w\" sizes=\"auto, (max-width: 165px) 100vw, 165px\" \/><\/a>In der&nbsp;<\/span><span class=\"yiv1002803725s2\">Showarena Halle \u202f3<\/span><span class=\"yiv1002803725s1\">&nbsp;bot das Showprogramm &#8222;Abendgala-Qualit\u00e4t&#8220; mit Westernquadrillen, Stuntshows, Freiheitsdressur, Feuer-Shows und der beliebten Hunde\u2011Pferde\u2011Parade.<\/span><\/p>\r\n<p class=\"yiv1002803725p1\"><span class=\"yiv1002803725s1\">Seit vielen Jahren geh\u00f6rt das Connemara Showteam fest zum Programm und auch 2024 konnten die Zuschauer mit einer eindrucksvollen Darbietung begeistert werden.<\/span><\/p>\r\n<p>&nbsp;<\/p>\r\n<p>&nbsp;<\/p>\r\n<p class=\"yiv1002803725p1\"><span class=\"yiv1002803725s1\">Mit insgesamt&nbsp;<span class=\"yiv1002803725s2\">11 Connemaraponys<\/span>&nbsp;reiste das Team an und pr\u00e4sentierte das M\u00e4rchen&nbsp;<span class=\"yiv1002803725s2\">\u201eDie W\u00e4chter des<a href=\"https:\/\/www.cpv-ev.com\/wp-content\/uploads\/2025\/08\/fotosleben_846A0455_S-mit-Logo-max.-800px-_6578174e_.jpg\"><img loading=\"lazy\" decoding=\"async\" class=\"alignright size-thumbnail wp-image-29468\" src=\"https:\/\/www.cpv-ev.com\/wp-content\/uploads\/2025\/08\/fotosleben_846A0455_S-mit-Logo-max.-800px-_6578174e_-165x110.jpg\" alt=\"\" width=\"165\" height=\"110\" srcset=\"https:\/\/www.cpv-ev.com\/wp-content\/uploads\/2025\/08\/fotosleben_846A0455_S-mit-Logo-max.-800px-_6578174e_-165x110.jpg 165w, https:\/\/www.cpv-ev.com\/wp-content\/uploads\/2025\/08\/fotosleben_846A0455_S-mit-Logo-max.-800px-_6578174e_-300x200.jpg 300w, https:\/\/www.cpv-ev.com\/wp-content\/uploads\/2025\/08\/fotosleben_846A0455_S-mit-Logo-max.-800px-_6578174e_-500x333.jpg 500w, https:\/\/www.cpv-ev.com\/wp-content\/uploads\/2025\/08\/fotosleben_846A0455_S-mit-Logo-max.-800px-_6578174e_-768x512.jpg 768w, https:\/\/www.cpv-ev.com\/wp-content\/uploads\/2025\/08\/fotosleben_846A0455_S-mit-Logo-max.-800px-_6578174e_.jpg 800w\" sizes=\"auto, (max-width: 165px) 100vw, 165px\" \/><\/a> Kristalls\u201c<\/span>, das bereits beim Ponyfest Sch\u00f6nbach Premiere gefeiert hatte. Die Inszenierung entf\u00fchrte das Publikum in eine fantasievolle Welt, in der Freundschaft, Mut und Magie im Mittelpunkt standen.<\/span><\/p>\r\n<p>&nbsp;<\/p>\r\n<p>&nbsp;<\/p>\r\n<p class=\"yiv1002803725p1\"><span class=\"yiv1002803725s1\"><a href=\"https:\/\/www.cpv-ev.com\/wp-content\/uploads\/2025\/08\/fotosleben_846A1871_S-mit-Logo-max.-800px-_a1405340_.jpg\"><img loading=\"lazy\" decoding=\"async\" class=\"alignleft size-thumbnail wp-image-29471\" src=\"https:\/\/www.cpv-ev.com\/wp-content\/uploads\/2025\/08\/fotosleben_846A1871_S-mit-Logo-max.-800px-_a1405340_-165x110.jpg\" alt=\"\" width=\"165\" height=\"110\" srcset=\"https:\/\/www.cpv-ev.com\/wp-content\/uploads\/2025\/08\/fotosleben_846A1871_S-mit-Logo-max.-800px-_a1405340_-165x110.jpg 165w, https:\/\/www.cpv-ev.com\/wp-content\/uploads\/2025\/08\/fotosleben_846A1871_S-mit-Logo-max.-800px-_a1405340_-300x200.jpg 300w, https:\/\/www.cpv-ev.com\/wp-content\/uploads\/2025\/08\/fotosleben_846A1871_S-mit-Logo-max.-800px-_a1405340_-500x333.jpg 500w, https:\/\/www.cpv-ev.com\/wp-content\/uploads\/2025\/08\/fotosleben_846A1871_S-mit-Logo-max.-800px-_a1405340_-768x512.jpg 768w, https:\/\/www.cpv-ev.com\/wp-content\/uploads\/2025\/08\/fotosleben_846A1871_S-mit-Logo-max.-800px-_a1405340_.jpg 800w\" sizes=\"auto, (max-width: 165px) 100vw, 165px\" \/><\/a>Besondere Begeisterung entfachte der Auftritt von&nbsp;<span class=\"yiv1002803725s2\">Heinz Lottenburger mit seiner Stute Millah<\/span>, die mit einer&nbsp;<span class=\"yiv1002803725s2\">spektakul\u00e4ren Feuereinlage an der Kutsche<\/span>&nbsp;einen echten H\u00f6hepunkt des Programms setzte. Das Schaubild sorgte f\u00fcr tolle Momente in der Showarena, die zu unvergesslichen Erinnerungen f\u00fcr das Team, sowie f\u00fcr die G\u00e4ste beitragen konnte.<\/span><\/p>\r\n<p>&nbsp;<\/p>\r\n<p>&nbsp;<\/p>\r\n<p class=\"yiv1002803725p1\"><span class=\"yiv1002803725s1\">F\u00fcr das Showteam ist die Hund &amp; Pferd jedes Jahr ein besonderes Ereignis:&nbsp;<span class=\"yiv1002803725s2\">ein Ort des Wiedersehens, des <a href=\"https:\/\/www.cpv-ev.com\/wp-content\/uploads\/2025\/08\/fotosleben_846A1844_S-mit-Logo-max.-800px-_b0fabb5e_.jpg\"><img loading=\"lazy\" decoding=\"async\" class=\"alignright size-thumbnail wp-image-29470\" src=\"https:\/\/www.cpv-ev.com\/wp-content\/uploads\/2025\/08\/fotosleben_846A1844_S-mit-Logo-max.-800px-_b0fabb5e_-165x110.jpg\" alt=\"\" width=\"165\" height=\"110\" srcset=\"https:\/\/www.cpv-ev.com\/wp-content\/uploads\/2025\/08\/fotosleben_846A1844_S-mit-Logo-max.-800px-_b0fabb5e_-165x110.jpg 165w, https:\/\/www.cpv-ev.com\/wp-content\/uploads\/2025\/08\/fotosleben_846A1844_S-mit-Logo-max.-800px-_b0fabb5e_-300x200.jpg 300w, https:\/\/www.cpv-ev.com\/wp-content\/uploads\/2025\/08\/fotosleben_846A1844_S-mit-Logo-max.-800px-_b0fabb5e_-500x333.jpg 500w, https:\/\/www.cpv-ev.com\/wp-content\/uploads\/2025\/08\/fotosleben_846A1844_S-mit-Logo-max.-800px-_b0fabb5e_-768x512.jpg 768w, https:\/\/www.cpv-ev.com\/wp-content\/uploads\/2025\/08\/fotosleben_846A1844_S-mit-Logo-max.-800px-_b0fabb5e_.jpg 800w\" sizes=\"auto, (max-width: 165px) 100vw, 165px\" \/><\/a>kreativen Austauschs und des Zusammenhalts<\/span>. Die Messe ist f\u00fcr sie nicht nur eine Plattform zur Pr\u00e4sentation der Showarbeit, sondern auch das Herzst\u00fcck des Jahreskalenders. Ein echtes&nbsp;<span class=\"yiv1002803725s2\">Team-Highlight<\/span>, welches motiviert, inspiriert und zusammenschwei\u00dft.<\/span><\/p>\r\n<p>&nbsp;<\/p>\r\n<p>&nbsp;<\/p>\r\n<p>&nbsp;<\/p>\r\n<p>&nbsp;<\/p>\r\n<p>&nbsp;<\/p>","protected":false},"excerpt":{"rendered":"<p>&nbsp;Das Connemara Show Team<\/p>\n","protected":false},"author":5,"featured_media":0,"comment_status":"closed","ping_status":"closed","sticky":false,"template":"","format":"standard","meta":{"ngg_post_thumbnail":0,"footnotes":""},"categories":[50],"tags":[],"class_list":["post-29448","post","type-post","status-publish","format-standard","hentry","category-news-2025"],"_links":{"self":[{"href":"https:\/\/www.cpv-ev.com\/index.php?rest_route=\/wp\/v2\/posts\/29448","targetHints":{"allow":["GET"]}}],"collection":[{"href":"https:\/\/www.cpv-ev.com\/index.php?rest_route=\/wp\/v2\/posts"}],"about":[{"href":"https:\/\/www.cpv-ev.com\/index.php?rest_route=\/wp\/v2\/types\/post"}],"author":[{"embeddable":true,"href":"https:\/\/www.cpv-ev.com\/index.php?rest_route=\/wp\/v2\/users\/5"}],"replies":[{"embeddable":true,"href":"https:\/\/www.cpv-ev.com\/index.php?rest_route=%2Fwp%2Fv2%2Fcomments&post=29448"}],"version-history":[{"count":17,"href":"https:\/\/www.cpv-ev.com\/index.php?rest_route=\/wp\/v2\/posts\/29448\/revisions"}],"predecessor-version":[{"id":29475,"href":"https:\/\/www.cpv-ev.com\/index.php?rest_route=\/wp\/v2\/posts\/29448\/revisions\/29475"}],"wp:attachment":[{"href":"https:\/\/www.cpv-ev.com\/index.php?rest_route=%2Fwp%2Fv2%2Fmedia&parent=29448"}],"wp:term":[{"taxonomy":"category","embeddable":true,"href":"https:\/\/www.cpv-ev.com\/index.php?rest_route=%2Fwp%2Fv2%2Fcategories&post=29448"},{"taxonomy":"post_tag","embeddable":true,"href":"https:\/\/www.cpv-ev.com\/index.php?rest_route=%2Fwp%2Fv2%2Ftags&post=29448"}],"curies":[{"name":"wp","href":"https:\/\/api.w.org\/{rel}","templated":true}]}}