{"id":29150,"date":"2025-06-18T12:38:54","date_gmt":"2025-06-18T10:38:54","guid":{"rendered":"https:\/\/www.cpv-ev.com\/?p=29150"},"modified":"2026-04-22T12:59:40","modified_gmt":"2026-04-22T10:59:40","slug":"13-06-2025-invitation-au-5eme-concours-international-de-poneys-connemara-a-wickrath","status":"publish","type":"post","link":"https:\/\/www.cpv-ev.com\/?p=29150","title":{"rendered":"13.06.2025 &#8211; Invitation au 5\u00e8me concours international de poneys Connemara \u00e0 Wickrath"},"content":{"rendered":"<p><strong>Manifestation d\u00b4 \u00e9levage et de sport du CPV au ch\u00e2teau de Wickrath<\/strong> <strong>les 20. &amp; 21. septembre 2025<\/strong><\/p>\r\n<!-- \/wp:post-content -->\r\n<p>&nbsp;<\/p>\r\n<!-- wp:paragraph -->\r\n<p><strong>Society runs Breeding and Sports event on Castle Wickrath on September 20th &amp; 21st 2025<\/strong><\/p>\r\n<!-- \/wp:paragraph -->\r\n<p>&nbsp; <!--more--> &nbsp;<\/p>\r\n<p><a href=\"https:\/\/www.cpv-ev.com\/wp-content\/uploads\/2025\/08\/Massimo-Logo_gross-scaled.jpg\"><img loading=\"lazy\" decoding=\"async\" class=\"alignnone size-thumbnail wp-image-29513\" src=\"https:\/\/www.cpv-ev.com\/wp-content\/uploads\/2025\/08\/Massimo-Logo_gross-255x110.jpg\" alt=\"\" width=\"255\" height=\"110\" srcset=\"https:\/\/www.cpv-ev.com\/wp-content\/uploads\/2025\/08\/Massimo-Logo_gross-255x110.jpg 255w, https:\/\/www.cpv-ev.com\/wp-content\/uploads\/2025\/08\/Massimo-Logo_gross-300x129.jpg 300w, https:\/\/www.cpv-ev.com\/wp-content\/uploads\/2025\/08\/Massimo-Logo_gross-500x216.jpg 500w, https:\/\/www.cpv-ev.com\/wp-content\/uploads\/2025\/08\/Massimo-Logo_gross-768x331.jpg 768w, https:\/\/www.cpv-ev.com\/wp-content\/uploads\/2025\/08\/Massimo-Logo_gross-1536x663.jpg 1536w, https:\/\/www.cpv-ev.com\/wp-content\/uploads\/2025\/08\/Massimo-Logo_gross-2048x884.jpg 2048w\" sizes=\"auto, (max-width: 255px) 100vw, 255px\" \/><\/a><\/p>\r\n<table border=\"1\" cellspacing=\"0\" cellpadding=\"0\">\r\n<tbody>\r\n<tr>\r\n<td valign=\"top\" width=\"307\">Veuillez utiliser les liens vers l&#8217;annonce et les formulaires d&#8217;inscription:<\/td>\r\n<td valign=\"top\" width=\"50\">&nbsp;<\/td>\r\n<td valign=\"top\" width=\"307\">Please use the following links for the invitation and entry form:<\/td>\r\n<\/tr>\r\n<\/tbody>\r\n<tbody>\r\n<tr>\r\n<td colspan=\"2\" valign=\"top\" width=\"307\"><img loading=\"lazy\" decoding=\"async\" src=\"https:\/\/www.cpv-ev.com\/wp-content\/uploads\/2012\/07\/trans240x10.gif\" alt=\"trans240x10\" width=\"240\" height=\"10\"><\/td>\r\n<\/tr>\r\n<\/tbody>\r\n<tbody>\r\n<tr>\r\n<td valign=\"top\" width=\"307\"><a href=\"https:\/\/www.cpv-ev.com\/wp-content\/uploads\/2025\/06\/Annonce-pour-le-concours-international-de-poneys-du-Connemara-les-20.pdf\"><strong>Annonce pour le concours 2025<\/strong><\/a><\/td>\r\n<td valign=\"top\" width=\"50\">&nbsp;<\/td>\r\n<td valign=\"top\" width=\"307\"><a href=\"https:\/\/www.cpv-ev.com\/wp-content\/uploads\/2025\/06\/2025-aktuell-Announcement.pdf\"><strong>ANNOUNCEMENT 2025 <\/strong><\/a><\/td>\r\n<\/tr>\r\n<tr>\r\n<td colspan=\"2\" valign=\"top\" width=\"307\"><img loading=\"lazy\" decoding=\"async\" src=\"https:\/\/www.cpv-ev.com\/wp-content\/uploads\/2012\/07\/trans240x10.gif\" alt=\"trans240x10\" width=\"240\" height=\"10\"><\/td>\r\n<\/tr>\r\n<tr>\r\n<td valign=\"top\" width=\"307\">Le concours de saut en libert\u00e9 fait son retour dans la manifestation. Il est ouvert \u00e0 tous les poneys qui ont particip\u00e9 auparavant \u00e0 une classe en main ou \u00e0 une classe d&#8217;\u00e9quitation, \u00e0 l&#8217;exception bien s\u00fbr des juments avec poulain \u00e0 pied. Les classes en main ont d\u00e9j\u00e0 lieu le samedi, le saut en libert\u00e9 aura lieu le dimanche matin.<\/td>\r\n<td valign=\"top\" width=\"50\">&nbsp;<\/td>\r\n<td valign=\"top\" width=\"307\">One big venue will be the loose jumping competition, open to all ponies that have already been presented in an in-hand or ridden class, except mares with foal at foot. The in-hand classes will take place on Saturday, the loose jumping is held on Sunday morning.<\/td>\r\n<\/tr>\r\n<tr>\r\n<td colspan=\"2\" valign=\"top\" width=\"307\"><img loading=\"lazy\" decoding=\"async\" src=\"https:\/\/www.cpv-ev.com\/wp-content\/uploads\/2012\/07\/trans240x10.gif\" alt=\"trans240x10\" width=\"240\" height=\"10\"><\/td>\r\n<\/tr>\r\n<tr>\r\n<td valign=\"top\" width=\"307\"><a href=\"https:\/\/www.cpv-ev.com\/wp-content\/uploads\/2025\/08\/Anforderungen-Sportklassen-Int.-Schau-franzoesisch.pdf\"><strong>D\u00e9tails classes de sport <\/strong><strong>2025<\/strong><\/a><\/td>\r\n<td valign=\"top\" width=\"50\">&nbsp;<\/td>\r\n<td valign=\"top\" width=\"307\"><a href=\"https:\/\/www.cpv-ev.com\/wp-content\/uploads\/2025\/06\/2025-Show-and-Riding-Classes-at-the-International-Connemara-Show.pdf\"><strong>Details sports classes<\/strong><\/a><\/td>\r\n<\/tr>\r\n<tr>\r\n<td colspan=\"2\" valign=\"top\" width=\"307\"><img loading=\"lazy\" decoding=\"async\" src=\"https:\/\/www.cpv-ev.com\/wp-content\/uploads\/2012\/07\/trans240x10.gif\" alt=\"trans240x10\" width=\"240\" height=\"10\"><\/td>\r\n<\/tr>\r\n<tr>\r\n<td valign=\"top\" width=\"307\">L&#8217;organisation d&#8217;un concours d&#8217;\u00e9levage associ\u00e9 \u00e0 des comp\u00e9titions sportives est en pr\u00e9paration au CPV pour le troisi\u00e8me week-end de septembre.<\/td>\r\n<td valign=\"top\" width=\"50\">&nbsp;<\/td>\r\n<td valign=\"top\" width=\"307\">The third September weekend is fully booked with the Show of the CPV, combining in-hand classes and sport classes alike, planning is going ahead.<\/td>\r\n<\/tr>\r\n<tr>\r\n<td colspan=\"2\" valign=\"top\" width=\"307\"><img loading=\"lazy\" decoding=\"async\" src=\"https:\/\/www.cpv-ev.com\/wp-content\/uploads\/2012\/07\/trans240x10.gif\" alt=\"trans240x10\" width=\"240\" height=\"10\"><\/td>\r\n<\/tr>\r\n<tr>\r\n<td valign=\"top\" width=\"307\"><a href=\"https:\/\/www.cpv-ev.com\/wp-content\/uploads\/2025\/08\/2025-Formulaire-d\u00b4inscription-elevage-01.pdf\"><strong>Formulaire d\u00b4\u00ednscription \u00e9levage <\/strong><strong>2025<\/strong><\/a><\/td>\r\n<td valign=\"top\" width=\"50\">&nbsp;<\/td>\r\n<td valign=\"top\" width=\"307\"><a href=\"https:\/\/www.cpv-ev.com\/wp-content\/uploads\/2025\/06\/2025-Nomination-Breed-Show.pdf\"><strong>Nomination Breed Show 2025<\/strong><\/a><\/td>\r\n<\/tr>\r\n<tr>\r\n<td colspan=\"2\" valign=\"top\" width=\"307\"><img loading=\"lazy\" decoding=\"async\" src=\"https:\/\/www.cpv-ev.com\/wp-content\/uploads\/2012\/07\/trans240x10.gif\" alt=\"trans240x10\" width=\"240\" height=\"10\"><\/td>\r\n<\/tr>\r\n<tr>\r\n<td valign=\"top\" width=\"307\">Attractif du point de vue des transports, notamment pour les visiteurs et les participants internationaux, le site du Rheinischer Pferdestammbuch (stud-book rh\u00e9nan) du ch\u00e2teau de Wickrath \u00e0 M\u00f6nchengladbach accueillera des concours d&#8217;\u00e9levage et des comp\u00e9titions sportives. Des spectacles viendront compl\u00e9ter ce programme vari\u00e9.<\/td>\r\n<td valign=\"top\" width=\"50\">&nbsp;<\/td>\r\n<td valign=\"top\" width=\"307\">The show will be run on the premises of the Rheinisches Pferdestammbuch on Castle Wickrath in M\u00f6nchengladbach, closely to the Netherlands and Belgian borders with good motorway connections. Classes will be run for both in-hand and ridden, and there will be more breed presentations.<\/td>\r\n<\/tr>\r\n<tr>\r\n<td colspan=\"2\" valign=\"top\" width=\"307\"><img loading=\"lazy\" decoding=\"async\" src=\"https:\/\/www.cpv-ev.com\/wp-content\/uploads\/2012\/07\/trans240x10.gif\" alt=\"trans240x10\" width=\"240\" height=\"10\"><\/td>\r\n<\/tr>\r\n<tr>\r\n<td valign=\"top\" width=\"307\"><a href=\"https:\/\/www.cpv-ev.com\/wp-content\/uploads\/2025\/08\/2025-Formulaire-d\u00b4inscription-sport.pdf\"><strong>Formulaire d\u00b4inscription sport 2025<\/strong><\/a><\/td>\r\n<td valign=\"top\" width=\"50\">&nbsp;<\/td>\r\n<td valign=\"top\" width=\"307\"><a href=\"https:\/\/www.cpv-ev.com\/wp-content\/uploads\/2025\/06\/2025-Nomination-Sport-new.pdf\"><strong>Nomination Sport 2025<\/strong><\/a><\/td>\r\n<\/tr>\r\n<tr>\r\n<td colspan=\"2\" valign=\"top\" width=\"307\"><img loading=\"lazy\" decoding=\"async\" src=\"https:\/\/www.cpv-ev.com\/wp-content\/uploads\/2012\/07\/trans240x10.gif\" alt=\"trans240x10\" width=\"240\" height=\"10\"><\/td>\r\n<\/tr>\r\n<tr>\r\n<td valign=\"top\" width=\"307\">Pour le concours d&#8217;\u00e9levage, des juges internationaux ont d\u00e9j\u00e0 pu \u00eatre recrut\u00e9s.<\/td>\r\n<td valign=\"top\" width=\"50\">&nbsp;<\/td>\r\n<td valign=\"top\" width=\"307\">For the breeding classes, international judges have been invited.<\/td>\r\n<\/tr>\r\n<\/tbody>\r\n<\/table>","protected":false},"excerpt":{"rendered":"<p>Manifestation d\u00b4 \u00e9levage et de sport du CPV au ch\u00e2teau de Wickrath les 20. &amp; 21. septembre 2025 &nbsp; Society runs Breeding and Sports event on Castle Wickrath on September 20th &amp; 21st 2025 &nbsp;<\/p>\n","protected":false},"author":5,"featured_media":0,"comment_status":"closed","ping_status":"closed","sticky":false,"template":"","format":"standard","meta":{"ngg_post_thumbnail":0,"footnotes":""},"categories":[50],"tags":[],"class_list":["post-29150","post","type-post","status-publish","format-standard","hentry","category-news-2025"],"_links":{"self":[{"href":"https:\/\/www.cpv-ev.com\/index.php?rest_route=\/wp\/v2\/posts\/29150","targetHints":{"allow":["GET"]}}],"collection":[{"href":"https:\/\/www.cpv-ev.com\/index.php?rest_route=\/wp\/v2\/posts"}],"about":[{"href":"https:\/\/www.cpv-ev.com\/index.php?rest_route=\/wp\/v2\/types\/post"}],"author":[{"embeddable":true,"href":"https:\/\/www.cpv-ev.com\/index.php?rest_route=\/wp\/v2\/users\/5"}],"replies":[{"embeddable":true,"href":"https:\/\/www.cpv-ev.com\/index.php?rest_route=%2Fwp%2Fv2%2Fcomments&post=29150"}],"version-history":[{"count":22,"href":"https:\/\/www.cpv-ev.com\/index.php?rest_route=\/wp\/v2\/posts\/29150\/revisions"}],"predecessor-version":[{"id":29525,"href":"https:\/\/www.cpv-ev.com\/index.php?rest_route=\/wp\/v2\/posts\/29150\/revisions\/29525"}],"wp:attachment":[{"href":"https:\/\/www.cpv-ev.com\/index.php?rest_route=%2Fwp%2Fv2%2Fmedia&parent=29150"}],"wp:term":[{"taxonomy":"category","embeddable":true,"href":"https:\/\/www.cpv-ev.com\/index.php?rest_route=%2Fwp%2Fv2%2Fcategories&post=29150"},{"taxonomy":"post_tag","embeddable":true,"href":"https:\/\/www.cpv-ev.com\/index.php?rest_route=%2Fwp%2Fv2%2Ftags&post=29150"}],"curies":[{"name":"wp","href":"https:\/\/api.w.org\/{rel}","templated":true}]}}