{"id":29125,"date":"2025-06-13T11:26:57","date_gmt":"2025-06-13T09:26:57","guid":{"rendered":"https:\/\/www.cpv-ev.com\/?p=29125"},"modified":"2026-04-22T12:51:35","modified_gmt":"2026-04-22T10:51:35","slug":"13-06-2025-einladung-zur-5-internationalen-connemara-pony-schau-in-wickrath","status":"publish","type":"post","link":"https:\/\/www.cpv-ev.com\/?p=29125","title":{"rendered":"13.06.2025 &#8211; Einladung zur 5. Internationalen Connemara Pony Schau in Wickrath"},"content":{"rendered":"<p><strong>Zucht- und Sportveranstaltung der CPV auf Schloss Wickrath<\/strong> <strong>am 20. &amp; 21. September 2025<\/strong><\/p>\r\n<!-- \/wp:post-content -->\r\n<p>&nbsp;<\/p>\r\n<!-- wp:paragraph -->\r\n<p><strong>Society runs Breeding and Sports event on Castle Wickrath on September 20th &amp; 21st 2025<\/strong><\/p>\r\n<!-- \/wp:paragraph -->\r\n<p>&nbsp; <!--more--> &nbsp;<\/p>\r\n<p><a href=\"https:\/\/www.cpv-ev.com\/wp-content\/uploads\/2025\/08\/Massimo-Logo_gross-scaled.jpg\"><img loading=\"lazy\" decoding=\"async\" class=\"alignnone size-thumbnail wp-image-29513\" src=\"https:\/\/www.cpv-ev.com\/wp-content\/uploads\/2025\/08\/Massimo-Logo_gross-255x110.jpg\" alt=\"\" width=\"255\" height=\"110\" srcset=\"https:\/\/www.cpv-ev.com\/wp-content\/uploads\/2025\/08\/Massimo-Logo_gross-255x110.jpg 255w, https:\/\/www.cpv-ev.com\/wp-content\/uploads\/2025\/08\/Massimo-Logo_gross-300x129.jpg 300w, https:\/\/www.cpv-ev.com\/wp-content\/uploads\/2025\/08\/Massimo-Logo_gross-500x216.jpg 500w, https:\/\/www.cpv-ev.com\/wp-content\/uploads\/2025\/08\/Massimo-Logo_gross-768x331.jpg 768w, https:\/\/www.cpv-ev.com\/wp-content\/uploads\/2025\/08\/Massimo-Logo_gross-1536x663.jpg 1536w, https:\/\/www.cpv-ev.com\/wp-content\/uploads\/2025\/08\/Massimo-Logo_gross-2048x884.jpg 2048w\" sizes=\"auto, (max-width: 255px) 100vw, 255px\" \/><\/a><\/p>\r\n<table border=\"1\" cellspacing=\"0\" cellpadding=\"0\">\r\n<tbody>\r\n<tr>\r\n<td valign=\"top\" width=\"307\">Bitte verwenden Sie die Links zu Ausschreibung und den Nennformularen:<\/td>\r\n<td valign=\"top\" width=\"50\">&nbsp;<\/td>\r\n<td valign=\"top\" width=\"307\">Please use the following links for the invitation and entry form:<\/td>\r\n<\/tr>\r\n<\/tbody>\r\n<tbody>\r\n<tr>\r\n<td colspan=\"2\" valign=\"top\" width=\"307\"><img loading=\"lazy\" decoding=\"async\" src=\"https:\/\/www.cpv-ev.com\/wp-content\/uploads\/2012\/07\/trans240x10.gif\" alt=\"trans240x10\" width=\"240\" height=\"10\"><\/td>\r\n<\/tr>\r\n<\/tbody>\r\n<tbody>\r\n<tr>\r\n<td valign=\"top\" width=\"307\"><a href=\"https:\/\/www.cpv-ev.com\/wp-content\/uploads\/2025\/06\/2025-aktuell-Ausschreibung-1.pdf\"><strong>AUSSCHREIBUNG 2025<\/strong><\/a><\/td>\r\n<td valign=\"top\" width=\"50\">&nbsp;<\/td>\r\n<td valign=\"top\" width=\"307\"><a href=\"https:\/\/www.cpv-ev.com\/wp-content\/uploads\/2025\/06\/2025-aktuell-Announcement.pdf\"><strong>ANNOUNCEMENT 2025 <\/strong><\/a><\/td>\r\n<\/tr>\r\n<tr>\r\n<td colspan=\"2\" valign=\"top\" width=\"307\"><img loading=\"lazy\" decoding=\"async\" src=\"https:\/\/www.cpv-ev.com\/wp-content\/uploads\/2012\/07\/trans240x10.gif\" alt=\"trans240x10\" width=\"240\" height=\"10\"><\/td>\r\n<\/tr>\r\n<tr>\r\n<td valign=\"top\" width=\"307\">Erneut in der Veranstaltung ist der Freispringwettbewerb. Er ist offen f\u00fcr alle Ponys, die zuvor an einer In-Hand bzw. Reitklasse teilgenommen haben, Stuten mit Fohlen bei Fu\u00df sind nat\u00fcrlich ausgenommen. Die In-Hand Klassen finden bereits am Samstag statt, das Freispringen wird am Sonntag Morgen stattfinden.<\/td>\r\n<td valign=\"top\" width=\"50\">&nbsp;<\/td>\r\n<td valign=\"top\" width=\"307\">One big venue will be the loose jumping competition, open to all ponies that have already been presented in an in-hand or ridden class, except mares with foal at foot. The in-hand classes will take place on Saturday, the loose jumping is held on Sunday morning.<\/td>\r\n<\/tr>\r\n<tr>\r\n<td colspan=\"2\" valign=\"top\" width=\"307\"><img loading=\"lazy\" decoding=\"async\" src=\"https:\/\/www.cpv-ev.com\/wp-content\/uploads\/2012\/07\/trans240x10.gif\" alt=\"trans240x10\" width=\"240\" height=\"10\"><\/td>\r\n<\/tr>\r\n<tr>\r\n<td valign=\"top\" width=\"307\"><a href=\"https:\/\/www.cpv-ev.com\/wp-content\/uploads\/2025\/06\/2025-Anforderungen.pdf\"><strong>Details Sportklassen<\/strong><\/a><\/td>\r\n<td valign=\"top\" width=\"50\">&nbsp;<\/td>\r\n<td valign=\"top\" width=\"307\"><a href=\"https:\/\/www.cpv-ev.com\/wp-content\/uploads\/2025\/06\/2025-Show-and-Riding-Classes-at-the-International-Connemara-Show.pdf\"><strong>Details sports classes<\/strong><\/a><strong><br><\/strong><\/td>\r\n<\/tr>\r\n<tr>\r\n<td colspan=\"2\" valign=\"top\" width=\"307\"><img loading=\"lazy\" decoding=\"async\" src=\"https:\/\/www.cpv-ev.com\/wp-content\/uploads\/2012\/07\/trans240x10.gif\" alt=\"trans240x10\" width=\"240\" height=\"10\"><\/td>\r\n<\/tr>\r\n<tr>\r\n<td valign=\"top\" width=\"307\">Die Veranstaltung einer Zuchtschau in Verbindung mit sportlichen Wettbewerben ist bei der CPV f\u00fcr das dritte Septemberwochen-ende in Vorbereitung.<\/td>\r\n<td valign=\"top\" width=\"50\">&nbsp;<\/td>\r\n<td valign=\"top\" width=\"307\">The third September weekend is fully booked with the Show of the CPV, combining in-hand classes and sport classes alike, planning is going ahead.<\/td>\r\n<\/tr>\r\n<tr>\r\n<td colspan=\"2\" valign=\"top\" width=\"307\"><img loading=\"lazy\" decoding=\"async\" src=\"https:\/\/www.cpv-ev.com\/wp-content\/uploads\/2012\/07\/trans240x10.gif\" alt=\"trans240x10\" width=\"240\" height=\"10\"><\/td>\r\n<\/tr>\r\n<tr>\r\n<td valign=\"top\" width=\"307\"><a href=\"https:\/\/www.cpv-ev.com\/wp-content\/uploads\/2025\/08\/2025-Nennung-Zucht-neu.pdf\"><strong>Nennformular Zucht <\/strong><strong>2025<\/strong><\/a><\/td>\r\n<td valign=\"top\" width=\"50\">&nbsp;<\/td>\r\n<td valign=\"top\" width=\"307\"><a href=\"https:\/\/www.cpv-ev.com\/wp-content\/uploads\/2025\/06\/2025-Nomination-Breed-Show.pdf\"><strong>Nomination Breed Show 2025<\/strong><\/a><\/td>\r\n<\/tr>\r\n<tr>\r\n<td colspan=\"2\" valign=\"top\" width=\"307\"><img loading=\"lazy\" decoding=\"async\" src=\"https:\/\/www.cpv-ev.com\/wp-content\/uploads\/2012\/07\/trans240x10.gif\" alt=\"trans240x10\" width=\"240\" height=\"10\"><\/td>\r\n<\/tr>\r\n<tr>\r\n<td valign=\"top\" width=\"307\">Verkehrstechnisch vor allem auch f\u00fcr inter-nationale Besucher und Teilnehmer attraktiv, wird die Anlage des Rheinischen Pferdestamm-buchs auf Schloss Wickrath in M\u00f6nchenglad-bach zum Austragungsort f\u00fcr Zucht- und Sportwettbewerbe. Schaubilder runden das vielf\u00e4ltige Programm ab.<\/td>\r\n<td valign=\"top\" width=\"50\">&nbsp;<\/td>\r\n<td valign=\"top\" width=\"307\">The show will be run on the premises of the Rheinisches Pferdestammbuch on Castle Wickrath in M\u00f6nchengladbach, closely to the Netherlands and Belgian borders with good motorway connections. Classes will be run for both in-hand and ridden, and there will be more breed presentations.<\/td>\r\n<\/tr>\r\n<tr>\r\n<td colspan=\"2\" valign=\"top\" width=\"307\"><img loading=\"lazy\" decoding=\"async\" src=\"https:\/\/www.cpv-ev.com\/wp-content\/uploads\/2012\/07\/trans240x10.gif\" alt=\"trans240x10\" width=\"240\" height=\"10\"><\/td>\r\n<\/tr>\r\n<tr>\r\n<td valign=\"top\" width=\"307\"><a href=\"https:\/\/www.cpv-ev.com\/wp-content\/uploads\/2025\/08\/2025-Nennung-Sport-neu-01.pdf\"><strong>Nennformular Sport 2025<\/strong><\/a><\/td>\r\n<td valign=\"top\" width=\"50\">&nbsp;<\/td>\r\n<td valign=\"top\" width=\"307\"><a href=\"https:\/\/www.cpv-ev.com\/wp-content\/uploads\/2025\/06\/2025-Nomination-Sport-new.pdf\"><strong>Nomination Sport 2025<\/strong><\/a><\/td>\r\n<\/tr>\r\n<tr>\r\n<td colspan=\"2\" valign=\"top\" width=\"307\"><img loading=\"lazy\" decoding=\"async\" src=\"https:\/\/www.cpv-ev.com\/wp-content\/uploads\/2012\/07\/trans240x10.gif\" alt=\"trans240x10\" width=\"240\" height=\"10\"><\/td>\r\n<\/tr>\r\n<tr>\r\n<td valign=\"top\" width=\"307\">F\u00fcr die Zuchtschau konnten bereits internationale Richter gewonnen werden.<\/td>\r\n<td valign=\"top\" width=\"50\">&nbsp;<\/td>\r\n<td valign=\"top\" width=\"307\">For the breeding classes, international judges have been invited.<\/td>\r\n<\/tr>\r\n<\/tbody>\r\n<\/table>","protected":false},"excerpt":{"rendered":"<p>Zucht- und Sportveranstaltung der CPV auf Schloss Wickrath am 20. &amp; 21. September 2025 &nbsp; Society runs Breeding and Sports event on Castle Wickrath on September 20th &amp; 21st 2025 &nbsp;<\/p>\n","protected":false},"author":5,"featured_media":0,"comment_status":"closed","ping_status":"closed","sticky":false,"template":"","format":"standard","meta":{"ngg_post_thumbnail":0,"footnotes":""},"categories":[50],"tags":[],"class_list":["post-29125","post","type-post","status-publish","format-standard","hentry","category-news-2025"],"_links":{"self":[{"href":"https:\/\/www.cpv-ev.com\/index.php?rest_route=\/wp\/v2\/posts\/29125","targetHints":{"allow":["GET"]}}],"collection":[{"href":"https:\/\/www.cpv-ev.com\/index.php?rest_route=\/wp\/v2\/posts"}],"about":[{"href":"https:\/\/www.cpv-ev.com\/index.php?rest_route=\/wp\/v2\/types\/post"}],"author":[{"embeddable":true,"href":"https:\/\/www.cpv-ev.com\/index.php?rest_route=\/wp\/v2\/users\/5"}],"replies":[{"embeddable":true,"href":"https:\/\/www.cpv-ev.com\/index.php?rest_route=%2Fwp%2Fv2%2Fcomments&post=29125"}],"version-history":[{"count":22,"href":"https:\/\/www.cpv-ev.com\/index.php?rest_route=\/wp\/v2\/posts\/29125\/revisions"}],"predecessor-version":[{"id":29571,"href":"https:\/\/www.cpv-ev.com\/index.php?rest_route=\/wp\/v2\/posts\/29125\/revisions\/29571"}],"wp:attachment":[{"href":"https:\/\/www.cpv-ev.com\/index.php?rest_route=%2Fwp%2Fv2%2Fmedia&parent=29125"}],"wp:term":[{"taxonomy":"category","embeddable":true,"href":"https:\/\/www.cpv-ev.com\/index.php?rest_route=%2Fwp%2Fv2%2Fcategories&post=29125"},{"taxonomy":"post_tag","embeddable":true,"href":"https:\/\/www.cpv-ev.com\/index.php?rest_route=%2Fwp%2Fv2%2Ftags&post=29125"}],"curies":[{"name":"wp","href":"https:\/\/api.w.org\/{rel}","templated":true}]}}