{"id":28883,"date":"2024-11-14T08:47:47","date_gmt":"2024-11-14T07:47:47","guid":{"rendered":"https:\/\/www.cpv-ev.com\/?p=28883"},"modified":"2026-04-22T12:53:06","modified_gmt":"2026-04-22T10:53:06","slug":"14-11-2024-koerung-in-ansbach-von-saskia-henninger","status":"publish","type":"post","link":"https:\/\/www.cpv-ev.com\/?p=28883","title":{"rendered":"14.11.2024 &#8211; K\u00f6rung in Ansbach"},"content":{"rendered":"<p><strong>Neues aus dem Bayrischen Zuchtverband f\u00fcr Kleinpferde und Spezialrassen<\/strong><\/p>\r\n\r\n<p><!--more--> Drei der vier vorgestellten Connemara Hengste wurden in Ansbach gek\u00f6rt bzw. anerkannt.<\/p>\r\n<p>Siegerhengst der Sportponys und Pr\u00e4mienhengstanw\u00e4rter wurde der bereits in Frankreich gek\u00f6rte Rapphengst Lucifer des Zerailles von Harington de la Faye aus der Sunstar Schueracher von Dream of Aulne. Z\u00fcchter ist Philippe Fringand aus Frankreich, der mit Lucifer bereits im Schauring einige beachtliche Titel einheimsen konnte. So holte er auf der Internationalen Schau in Wickrath 2022 den Titel des Jugend Champions. Stolze Besitzerin ist Jos\u00e9phine J\u00f6rg, die sich den lackschwarzen Hengst sofort f\u00fcr ihre Zucht sicherte als er zum Verkauf stand.<\/p>\r\n<p>Als weiterer Rapphengst konnte Twinstar JJ Connor Black das Pr\u00e4dikat gek\u00f6rt erhalten. Er ist bereits der dritte in Hengstbuch I gek\u00f6rte Sohn des Coolcom JJ. Seine Mutter ist Cait Dun von St Harry. Er stammt aus der Zucht von Sabine Koste und ist im Besitz von Dr. Rudolf Roosen. Leider war der Hengst zum Zeitpunkt der K\u00f6rung erst 2,5 Jahre alt, weshalb die K\u00f6rung vom Mutterstutbuch nicht anerkannt wird, da sie nicht den Vorgaben des Mutterstutbuchs entspricht. Alle anderen Hengste waren bereits in ihrem vierten Lebensjahr.<\/p>\r\n<p>Der Braunschimmelhengst Patriks Ma\u00eddin von Patriks Meirli\u00fan aus der Patriks Atlantach Taibhre amh von Lancelot wurde bereits in Hessen gek\u00f6rt und nun auch in Bayern anerkannt. Damals noch im Besitz von G\u00fcnter Decker, wechselte er nach der K\u00f6rung in Hessen in den Besitz von Tanja und Peter Lerch nach Bayern. Z\u00fcchter ist Ulrike Kr\u00fcger-Schedel.<\/p>\r\n<p><span style=\"font-size: 15px;\">Wir gratulieren nachtr\u00e4glich allen Z\u00fcchtern und Ausstellern.<\/span><\/p>","protected":false},"excerpt":{"rendered":"<p>Neues aus dem Bayrischen Zuchtverband f\u00fcr Kleinpferde und Spezialrassen<\/p>\n","protected":false},"author":5,"featured_media":0,"comment_status":"closed","ping_status":"closed","sticky":false,"template":"","format":"standard","meta":{"ngg_post_thumbnail":0,"footnotes":""},"categories":[49,8],"tags":[],"class_list":["post-28883","post","type-post","status-publish","format-standard","hentry","category-news-2024","category-zucht-veranstaltungen"],"_links":{"self":[{"href":"https:\/\/www.cpv-ev.com\/index.php?rest_route=\/wp\/v2\/posts\/28883","targetHints":{"allow":["GET"]}}],"collection":[{"href":"https:\/\/www.cpv-ev.com\/index.php?rest_route=\/wp\/v2\/posts"}],"about":[{"href":"https:\/\/www.cpv-ev.com\/index.php?rest_route=\/wp\/v2\/types\/post"}],"author":[{"embeddable":true,"href":"https:\/\/www.cpv-ev.com\/index.php?rest_route=\/wp\/v2\/users\/5"}],"replies":[{"embeddable":true,"href":"https:\/\/www.cpv-ev.com\/index.php?rest_route=%2Fwp%2Fv2%2Fcomments&post=28883"}],"version-history":[{"count":7,"href":"https:\/\/www.cpv-ev.com\/index.php?rest_route=\/wp\/v2\/posts\/28883\/revisions"}],"predecessor-version":[{"id":28899,"href":"https:\/\/www.cpv-ev.com\/index.php?rest_route=\/wp\/v2\/posts\/28883\/revisions\/28899"}],"wp:attachment":[{"href":"https:\/\/www.cpv-ev.com\/index.php?rest_route=%2Fwp%2Fv2%2Fmedia&parent=28883"}],"wp:term":[{"taxonomy":"category","embeddable":true,"href":"https:\/\/www.cpv-ev.com\/index.php?rest_route=%2Fwp%2Fv2%2Fcategories&post=28883"},{"taxonomy":"post_tag","embeddable":true,"href":"https:\/\/www.cpv-ev.com\/index.php?rest_route=%2Fwp%2Fv2%2Ftags&post=28883"}],"curies":[{"name":"wp","href":"https:\/\/api.w.org\/{rel}","templated":true}]}}