{"id":28446,"date":"2024-02-11T16:57:03","date_gmt":"2024-02-11T15:57:03","guid":{"rendered":"https:\/\/www.cpv-ev.com\/?p=28446"},"modified":"2026-04-22T12:47:08","modified_gmt":"2026-04-22T10:47:08","slug":"17-01-2024-sportponyfoerderung-2023-die-turniere-3","status":"publish","type":"post","link":"https:\/\/www.cpv-ev.com\/?p=28446","title":{"rendered":"17.01.2024 &#8211; Sportponyf\u00f6rderung 2023 &#8211; Die Turniere"},"content":{"rendered":"<p>&nbsp;<\/p>\r\n<p><strong>Heidi Deryck mit Viller Belle Fleur<\/strong><\/p>\r\n<p>&nbsp;<\/p>\r\n\r\n<p><!--more--><\/p>\r\n<p><\/p>\r\n<p><strong>Als Reiter vom st\u00f6rrischen Esel zum erfolgreichen Connemarapony<\/strong> <em> Von Frieda Giesen<\/em> &nbsp;<\/p>\r\n<p>Viller Belle <a href=\"https:\/\/www.cpv-ev.com\/wp-content\/uploads\/2024\/02\/Stuten-Gestuet-Viller-Sommer-23-Kopie.jpg\"><img loading=\"lazy\" decoding=\"async\" class=\"alignleft size-thumbnail wp-image-28569\" src=\"https:\/\/www.cpv-ev.com\/wp-content\/uploads\/2024\/02\/Stuten-Gestuet-Viller-Sommer-23-Kopie-147x110.jpg\" alt=\"\" width=\"147\" height=\"110\" srcset=\"https:\/\/www.cpv-ev.com\/wp-content\/uploads\/2024\/02\/Stuten-Gestuet-Viller-Sommer-23-Kopie-147x110.jpg 147w, https:\/\/www.cpv-ev.com\/wp-content\/uploads\/2024\/02\/Stuten-Gestuet-Viller-Sommer-23-Kopie-300x225.jpg 300w, https:\/\/www.cpv-ev.com\/wp-content\/uploads\/2024\/02\/Stuten-Gestuet-Viller-Sommer-23-Kopie-500x375.jpg 500w, https:\/\/www.cpv-ev.com\/wp-content\/uploads\/2024\/02\/Stuten-Gestuet-Viller-Sommer-23-Kopie-768x576.jpg 768w, https:\/\/www.cpv-ev.com\/wp-content\/uploads\/2024\/02\/Stuten-Gestuet-Viller-Sommer-23-Kopie.jpg 1024w\" sizes=\"auto, (max-width: 147px) 100vw, 147px\" \/><\/a>Fleur, meist nur \u201eFleur\u201c genannt, ist das Pony, in das ich mich vor nun fast schon vier Jahren verliebt habe. Das 1,44 m Connemarapony von Heidi und Heinrich Deryck in Goch-Hommersum hatte es mir schon vom ersten Moment an angetan \u2013 obwohl ich es schon als sensibel und irgendwie speziell beschreiben m\u00f6chte. Fleur steht auf dem Gest\u00fct Viller in einer kleinen Stutenherde mit ihrer Vollschwester Bluebell von TC Bourbon Boy, ihrer Mutter Eva Luna von Easter v.d. Leliaard und ihrer Gro\u00dfmutter Hazel von Hazy Match. Sie ist eine Staatspr\u00e4mienstute und hat die Stutenleistungspr\u00fcfung absolviert. Doch dass ich einmal so ein tolles Pony auf Turnieren reiten w\u00fcrde \u2013 daran mochte ich noch nicht mal ansatzweise denken. &nbsp;<\/p>\r\n<p>Ich selbst wohne sehr l\u00e4ndlich in Hassum mit einer Obstwiese hinter dem Haus. Um diese kurz zu halten, stehen darauf stehen ein Shetlandpony und ein Esel. Meine Familie hatte keinen engeren Bezug zu den Tieren, anfangs waren sie recht scheu und nach und wurden nach wurden zutraulicher. Ab 2015 habe ich beide Tiere geputzt, durchs Dorf gef\u00fchrt, Bodenarbeit ge\u00fcbt und konnte sogar auch auf dem Esel reiten. Auch ohne Sattel machte mir das gro\u00dfen Spa\u00df, so dass ich mit sieben Jahren begann, einmal die Woche in einer Reitschule Unterricht zu nehmen. Sp\u00e4ter wechselte ich dann in eine andere Reitschule, wo ich auch viel Stallarbeit machte \u2013 all das, was ich schon von Pit und Ben kannte, konnte ich dort intensiver lernen. Und das hat mich noch n\u00e4her an dieses wunderbare Hobby herangef\u00fchrt. F\u00fcr mich stand fest: Ich will mehr! &nbsp;<\/p>\r\n<p>So probierte ich das ein oder andere Mal mit meinen Eltern Ponys aus. Wirklich gefunkt hat es aber erst Ende 2019, als ich \u00fcber eine Bekannte meiner Eltern zu Familie Deryck kam, die erfolgreich Connemaraponys z\u00fcchtet. Dort stand \u201eFleur\u201c, die ich auch direkt reiten durfte. Sie war erst f\u00fcnf Jahre, noch sehr unerfahren \u2013 aber wir haben uns direkt gut verstanden. Fortan bin ich jeden Samstag mit dem Fahrrad zu Heidi gefahren, die mir auf ihrem Hof Unterricht gab. Eines unserer Lieblingsdinge ist zum Beispiel mit Halsring zu reiten oder einfach durch den Wald oder \u00fcber Wiesen galoppieren. &nbsp;<\/p>\r\n<p>Knapp zwei Jahre sp\u00e4ter habe ich mich dann im RuFV Asperden angemeldet, wo ich donnerstags Springunterricht erhielt. Auch zwischendurch kam ich h\u00e4ufiger zu Fleur, und wenn Heidi in Urlaub war, k\u00fcmmerte ich mich um die anderen Connemaraponies und ich freundete mich immer mehr mit dieser tollen Rasse an. &nbsp;<\/p>\r\n<p>Dann kam im Februar 2021 der Zeitpunkt, wo Heidi mich zu meinem ersten Springturnier gemeldet hatte. Fleur war ganz entspannt und hat mich sicher durch den Parcours gebracht. Ein spannendes Erlebnis \u2013 was uns beiden total Spa\u00df gemacht hat.<a href=\"https:\/\/www.cpv-ev.com\/wp-content\/uploads\/2024\/02\/Turnier-Bedburg-Hau-20-August-2023-Kopie.jpg\"><img loading=\"lazy\" decoding=\"async\" class=\"alignright size-thumbnail wp-image-28576\" src=\"https:\/\/www.cpv-ev.com\/wp-content\/uploads\/2024\/02\/Turnier-Bedburg-Hau-20-August-2023-Kopie-147x110.jpg\" alt=\"\" width=\"147\" height=\"110\" srcset=\"https:\/\/www.cpv-ev.com\/wp-content\/uploads\/2024\/02\/Turnier-Bedburg-Hau-20-August-2023-Kopie-147x110.jpg 147w, https:\/\/www.cpv-ev.com\/wp-content\/uploads\/2024\/02\/Turnier-Bedburg-Hau-20-August-2023-Kopie-300x225.jpg 300w, https:\/\/www.cpv-ev.com\/wp-content\/uploads\/2024\/02\/Turnier-Bedburg-Hau-20-August-2023-Kopie-500x375.jpg 500w, https:\/\/www.cpv-ev.com\/wp-content\/uploads\/2024\/02\/Turnier-Bedburg-Hau-20-August-2023-Kopie-768x576.jpg 768w, https:\/\/www.cpv-ev.com\/wp-content\/uploads\/2024\/02\/Turnier-Bedburg-Hau-20-August-2023-Kopie.jpg 800w\" sizes=\"auto, (max-width: 147px) 100vw, 147px\" \/><\/a>&nbsp;Wir starten nun regelm\u00e4\u00dfig 10 bis 12 mal pro auf Springturnieren im Kreis Kleve. Ab und zu reite ich auch im Dressurviereck, was auch sehr sch\u00f6n ist und immer zu einer Platzierung f\u00fchrt. Im den Osterferien ritt ich bei einem Lehrgang zum Reitabzeichen RA5 mit, die Richterin war ganz angetan von dem Connemarapony und belohnte uns mit hohen 8-er Wertnoten. Im Sommer durfte ich mich dann \u00fcber meinen bisher gr\u00f6\u00dften Erfolg freuen, als ich beim 3-t\u00e4gigen Turnier in Asperden im allerersten A-Springen startete, ein A*Springen mit Idealzeit, welches wir am Ende tats\u00e4chlich gewonnen haben! Und in A*-Stilspringen den 2. Platz erreichte. Sehr beeindruckend war auch das Ponyturnier in Xanten, bei dem Reiter aus dem ganzen Bundesgebiet starteten und wir uns eine Platzierung im A-<a href=\"https:\/\/www.cpv-ev.com\/wp-content\/uploads\/2024\/02\/Turnier-Kranenburg-Sommer-22-Kopie.jpg\"><img loading=\"lazy\" decoding=\"async\" class=\"alignleft size-thumbnail wp-image-28577\" src=\"https:\/\/www.cpv-ev.com\/wp-content\/uploads\/2024\/02\/Turnier-Kranenburg-Sommer-22-Kopie-160x110.jpg\" alt=\"\" width=\"160\" height=\"110\" srcset=\"https:\/\/www.cpv-ev.com\/wp-content\/uploads\/2024\/02\/Turnier-Kranenburg-Sommer-22-Kopie-160x110.jpg 160w, https:\/\/www.cpv-ev.com\/wp-content\/uploads\/2024\/02\/Turnier-Kranenburg-Sommer-22-Kopie-300x207.jpg 300w, https:\/\/www.cpv-ev.com\/wp-content\/uploads\/2024\/02\/Turnier-Kranenburg-Sommer-22-Kopie-500x344.jpg 500w, https:\/\/www.cpv-ev.com\/wp-content\/uploads\/2024\/02\/Turnier-Kranenburg-Sommer-22-Kopie-768x529.jpg 768w, https:\/\/www.cpv-ev.com\/wp-content\/uploads\/2024\/02\/Turnier-Kranenburg-Sommer-22-Kopie.jpg 1024w\" sizes=\"auto, (max-width: 160px) 100vw, 160px\" \/><\/a>Stilspringen sicherten. Insgesamt erzielten Belle Fleur und ich eine Jahresgewinnsumme von 177 \u20ac, was auch der Z\u00fcchterin sehr gef\u00e4llt. Aber auch der Springlehrgang im Herbst bei Klaus Reinacher, dem westf\u00e4lischen Landestrainer f\u00fcr Ponyreiter und Junge Reiter war ein Highlight f\u00fcr mich, bei dem wir beide viel gelernt haben. Das hat mir bspw. geholfen, dass wir im November unser erstes A**-Springen geritten sind, worauf ich sehr stolz bin. &nbsp;<\/p>\r\n<p>2024 wird ein Jahr mit gemischten Gef\u00fchlen: Auf der einen Seite habe ich viele Ziele: Reitabzeichen RA4, der Lehrgang der Ponysportf\u00f6rderung Unterer Niederrhein, m\u00f6glichst viele (und erfolgreiche?) A* und A**- <a href=\"https:\/\/www.cpv-ev.com\/wp-content\/uploads\/2024\/02\/Siegerehrung-1-Platz-Kopie.png\"><img loading=\"lazy\" decoding=\"async\" class=\"alignright size-thumbnail wp-image-28578\" src=\"https:\/\/www.cpv-ev.com\/wp-content\/uploads\/2024\/02\/Siegerehrung-1-Platz-Kopie-51x110.png\" alt=\"\" width=\"51\" height=\"110\" srcset=\"https:\/\/www.cpv-ev.com\/wp-content\/uploads\/2024\/02\/Siegerehrung-1-Platz-Kopie-51x110.png 51w, https:\/\/www.cpv-ev.com\/wp-content\/uploads\/2024\/02\/Siegerehrung-1-Platz-Kopie-231x500.png 231w, https:\/\/www.cpv-ev.com\/wp-content\/uploads\/2024\/02\/Siegerehrung-1-Platz-Kopie.png 277w\" sizes=\"auto, (max-width: 51px) 100vw, 51px\" \/><\/a>Turniere. Auf der anderen Seite wei\u00df ich auch, dass meine Ponyturnierzeit dieses Jahr enden wird. Aber Fleur (und die anderen Connemaraponys) werde ich immer noch weiter reiten. Und es kommen immer wieder neue Fohlen, die ich immer gerne auf der Fohlenschau begleite. &nbsp;<\/p>\r\n<p>Meine Eltern, die wirklich keine Ahnung von Pferden haben, und ich sind sehr froh, dass Heidi mich so unterst\u00fctzt. Ich liebe diese Tiere und den Sport mit ihnen und hoffe, dass ich das noch lange so machen kann. Ich habe noch soviel vor \u2026 &nbsp; &nbsp;<\/p>\r\n<p><!-- \/wp:post-content --><\/p>","protected":false},"excerpt":{"rendered":"<p>&nbsp; Heidi Deryck mit Viller Belle Fleur &nbsp;<\/p>\n","protected":false},"author":5,"featured_media":0,"comment_status":"closed","ping_status":"closed","sticky":false,"template":"","format":"standard","meta":{"ngg_post_thumbnail":0,"footnotes":""},"categories":[49,17],"tags":[],"class_list":["post-28446","post","type-post","status-publish","format-standard","hentry","category-news-2024","category-sport-news"],"_links":{"self":[{"href":"https:\/\/www.cpv-ev.com\/index.php?rest_route=\/wp\/v2\/posts\/28446","targetHints":{"allow":["GET"]}}],"collection":[{"href":"https:\/\/www.cpv-ev.com\/index.php?rest_route=\/wp\/v2\/posts"}],"about":[{"href":"https:\/\/www.cpv-ev.com\/index.php?rest_route=\/wp\/v2\/types\/post"}],"author":[{"embeddable":true,"href":"https:\/\/www.cpv-ev.com\/index.php?rest_route=\/wp\/v2\/users\/5"}],"replies":[{"embeddable":true,"href":"https:\/\/www.cpv-ev.com\/index.php?rest_route=%2Fwp%2Fv2%2Fcomments&post=28446"}],"version-history":[{"count":27,"href":"https:\/\/www.cpv-ev.com\/index.php?rest_route=\/wp\/v2\/posts\/28446\/revisions"}],"predecessor-version":[{"id":28596,"href":"https:\/\/www.cpv-ev.com\/index.php?rest_route=\/wp\/v2\/posts\/28446\/revisions\/28596"}],"wp:attachment":[{"href":"https:\/\/www.cpv-ev.com\/index.php?rest_route=%2Fwp%2Fv2%2Fmedia&parent=28446"}],"wp:term":[{"taxonomy":"category","embeddable":true,"href":"https:\/\/www.cpv-ev.com\/index.php?rest_route=%2Fwp%2Fv2%2Fcategories&post=28446"},{"taxonomy":"post_tag","embeddable":true,"href":"https:\/\/www.cpv-ev.com\/index.php?rest_route=%2Fwp%2Fv2%2Ftags&post=28446"}],"curies":[{"name":"wp","href":"https:\/\/api.w.org\/{rel}","templated":true}]}}