{"id":28424,"date":"2024-02-06T15:45:10","date_gmt":"2024-02-06T14:45:10","guid":{"rendered":"https:\/\/www.cpv-ev.com\/?p=28424"},"modified":"2026-04-22T12:41:21","modified_gmt":"2026-04-22T10:41:21","slug":"12-01-2024-sportponyfoerderung-2023-die-kandidaten-stellen-sich-vor-2","status":"publish","type":"post","link":"https:\/\/www.cpv-ev.com\/?p=28424","title":{"rendered":"12.01.2024 &#8211; Sportponyf\u00f6rderung 2023 &#8211; Die Kandidaten stellen sich vor"},"content":{"rendered":"<p>&nbsp;<\/p>\r\n<p><strong>Dr. Sabine Pfeffer mit Ros Star<\/strong><\/p>\r\n<p>&nbsp;<\/p>\r\n\r\n<p><!--more--><\/p>\r\n\r\n<p><a href=\"https:\/\/www.cpv-ev.com\/wp-content\/uploads\/2024\/02\/RosStarEventing2023.jpg\"><img loading=\"lazy\" decoding=\"async\" class=\"alignleft size-thumbnail wp-image-28495\" src=\"https:\/\/www.cpv-ev.com\/wp-content\/uploads\/2024\/02\/RosStarEventing2023-119x110.jpg\" alt=\"\" width=\"119\" height=\"110\" srcset=\"https:\/\/www.cpv-ev.com\/wp-content\/uploads\/2024\/02\/RosStarEventing2023-119x110.jpg 119w, https:\/\/www.cpv-ev.com\/wp-content\/uploads\/2024\/02\/RosStarEventing2023-300x277.jpg 300w, https:\/\/www.cpv-ev.com\/wp-content\/uploads\/2024\/02\/RosStarEventing2023-500x461.jpg 500w, https:\/\/www.cpv-ev.com\/wp-content\/uploads\/2024\/02\/RosStarEventing2023-768x708.jpg 768w, https:\/\/www.cpv-ev.com\/wp-content\/uploads\/2024\/02\/RosStarEventing2023.jpg 1111w\" sizes=\"auto, (max-width: 119px) 100vw, 119px\" \/><\/a>Gerne m\u00f6chte ich die Stute Ros Star, geritten von meiner Tochter Mina Deidre Mc Sherry, f\u00fcr die Sportf\u00f6rderung vorschlagen. Ros Star (v. Kilmullen Fion a.d. Ros Lass v. Sweetwall Captain Courage) ist Stute unseres Gest\u00fcts, Birdmountain Connemara, ZG Sabine M\u00fcller und Sabine Pfeffer, Gr\u00fcnberg. Wir haben sie im Jahr 2019 importiert. &nbsp;<\/p>\r\n<p>&nbsp; &nbsp;<\/p>\r\n<p>&nbsp; &nbsp;<\/p>\r\n<p>Mina hat Ros Star, Stallname Ari, seit Winter 2021 unter dem Sattel und sie seitdem im Bereich Vielseitigkeit <a href=\"https:\/\/www.cpv-ev.com\/wp-content\/uploads\/2024\/02\/IMG_2028.jpg\"><img loading=\"lazy\" decoding=\"async\" class=\"alignright size-thumbnail wp-image-28492\" src=\"https:\/\/www.cpv-ev.com\/wp-content\/uploads\/2024\/02\/IMG_2028-165x110.jpg\" alt=\"\" width=\"165\" height=\"110\" srcset=\"https:\/\/www.cpv-ev.com\/wp-content\/uploads\/2024\/02\/IMG_2028-165x110.jpg 165w, https:\/\/www.cpv-ev.com\/wp-content\/uploads\/2024\/02\/IMG_2028-300x200.jpg 300w, https:\/\/www.cpv-ev.com\/wp-content\/uploads\/2024\/02\/IMG_2028-500x333.jpg 500w, https:\/\/www.cpv-ev.com\/wp-content\/uploads\/2024\/02\/IMG_2028-768x512.jpg 768w, https:\/\/www.cpv-ev.com\/wp-content\/uploads\/2024\/02\/IMG_2028.jpg 1200w\" sizes=\"auto, (max-width: 165px) 100vw, 165px\" \/><\/a>ausgebildet; Ari war zuvor in diesem Bereich weder trainiert noch gestartet worden, sondern vor allem von Sabine M\u00fcller freizeitm\u00e4\u00dfig geritten worden. Die erst Saison 2022 war bereits so erfolgreich, dass das Paar die IG VS Hessen Trophy (Gro\u00dfe Tour, A) f\u00fcr sich entscheiden konnte. In diesem Jahr wurde Ari bis VL \/ CIC * vorgestellt. Im VA** waren sie u.a. Teil der Mannschaft, die den 4. Platz im Rahmen der Hessischen Mannschaftsmeisterschaften <a href=\"https:\/\/www.cpv-ev.com\/wp-content\/uploads\/2024\/02\/IMG_2029.jpg\"><img loading=\"lazy\" decoding=\"async\" class=\"size-thumbnail wp-image-28493 alignleft\" src=\"https:\/\/www.cpv-ev.com\/wp-content\/uploads\/2024\/02\/IMG_2029-164x110.jpg\" alt=\"\" width=\"164\" height=\"110\" srcset=\"https:\/\/www.cpv-ev.com\/wp-content\/uploads\/2024\/02\/IMG_2029-164x110.jpg 164w, https:\/\/www.cpv-ev.com\/wp-content\/uploads\/2024\/02\/IMG_2029-300x201.jpg 300w, https:\/\/www.cpv-ev.com\/wp-content\/uploads\/2024\/02\/IMG_2029-500x335.jpg 500w, https:\/\/www.cpv-ev.com\/wp-content\/uploads\/2024\/02\/IMG_2029-768x514.jpg 768w, https:\/\/www.cpv-ev.com\/wp-content\/uploads\/2024\/02\/IMG_2029.jpg 895w\" sizes=\"auto, (max-width: 164px) 100vw, 164px\" \/><\/a> sichern konnte. Bestes internationales Ergebnis war der 15.Platz in Bad Harzburg, leider mit 0,1 aus der Platzierung und damit \u201eerste Reserve\u201c. Ari zeichnet sich vor allem durch unbedingten Kampf- und Siegeswillen im Gel\u00e4nde aus; sie wird stets in regul\u00e4ren Pr\u00fcfungen (nicht Pony) gestartet und ist trotz ihrer Gr\u00f6\u00dfe und ohne Blutanschluss wie die meisten VS Pferde fast immer in der Zeit und hat quasi <a href=\"https:\/\/www.cpv-ev.com\/wp-content\/uploads\/2024\/02\/IMG_2027-scaled.jpg\"><img loading=\"lazy\" decoding=\"async\" class=\"alignright size-thumbnail wp-image-28491\" src=\"https:\/\/www.cpv-ev.com\/wp-content\/uploads\/2024\/02\/IMG_2027-167x110.jpg\" alt=\"\" width=\"167\" height=\"110\" srcset=\"https:\/\/www.cpv-ev.com\/wp-content\/uploads\/2024\/02\/IMG_2027-167x110.jpg 167w, https:\/\/www.cpv-ev.com\/wp-content\/uploads\/2024\/02\/IMG_2027-300x197.jpg 300w, https:\/\/www.cpv-ev.com\/wp-content\/uploads\/2024\/02\/IMG_2027-500x329.jpg 500w, https:\/\/www.cpv-ev.com\/wp-content\/uploads\/2024\/02\/IMG_2027-768x505.jpg 768w, https:\/\/www.cpv-ev.com\/wp-content\/uploads\/2024\/02\/IMG_2027-1536x1009.jpg 1536w, https:\/\/www.cpv-ev.com\/wp-content\/uploads\/2024\/02\/IMG_2027-2048x1346.jpg 2048w\" sizes=\"auto, (max-width: 167px) 100vw, 167px\" \/><\/a>nie einen Hindernisfehler. \u00dcber Anerkennung der starken Leistung wie auch des unglaublich gro\u00dfen Aufwands, wie Training in drei Disziplinen, VS Turniere werden bundesweit und eben auch im europ\u00e4ischen Ausland bestritten, den die beiden betreiben durch die F\u00f6rderung der CPV w\u00fcrde sich Mina sicherlich sehr freuen!!!<\/p>\r\n<p>&nbsp; &nbsp;<\/p>","protected":false},"excerpt":{"rendered":"<p>&nbsp; Dr. Sabine Pfeffer mit Ros Star &nbsp;<\/p>\n","protected":false},"author":5,"featured_media":0,"comment_status":"closed","ping_status":"closed","sticky":false,"template":"","format":"standard","meta":{"ngg_post_thumbnail":0,"footnotes":""},"categories":[49,17],"tags":[],"class_list":["post-28424","post","type-post","status-publish","format-standard","hentry","category-news-2024","category-sport-news"],"_links":{"self":[{"href":"https:\/\/www.cpv-ev.com\/index.php?rest_route=\/wp\/v2\/posts\/28424","targetHints":{"allow":["GET"]}}],"collection":[{"href":"https:\/\/www.cpv-ev.com\/index.php?rest_route=\/wp\/v2\/posts"}],"about":[{"href":"https:\/\/www.cpv-ev.com\/index.php?rest_route=\/wp\/v2\/types\/post"}],"author":[{"embeddable":true,"href":"https:\/\/www.cpv-ev.com\/index.php?rest_route=\/wp\/v2\/users\/5"}],"replies":[{"embeddable":true,"href":"https:\/\/www.cpv-ev.com\/index.php?rest_route=%2Fwp%2Fv2%2Fcomments&post=28424"}],"version-history":[{"count":11,"href":"https:\/\/www.cpv-ev.com\/index.php?rest_route=\/wp\/v2\/posts\/28424\/revisions"}],"predecessor-version":[{"id":28503,"href":"https:\/\/www.cpv-ev.com\/index.php?rest_route=\/wp\/v2\/posts\/28424\/revisions\/28503"}],"wp:attachment":[{"href":"https:\/\/www.cpv-ev.com\/index.php?rest_route=%2Fwp%2Fv2%2Fmedia&parent=28424"}],"wp:term":[{"taxonomy":"category","embeddable":true,"href":"https:\/\/www.cpv-ev.com\/index.php?rest_route=%2Fwp%2Fv2%2Fcategories&post=28424"},{"taxonomy":"post_tag","embeddable":true,"href":"https:\/\/www.cpv-ev.com\/index.php?rest_route=%2Fwp%2Fv2%2Ftags&post=28424"}],"curies":[{"name":"wp","href":"https:\/\/api.w.org\/{rel}","templated":true}]}}