{"id":28420,"date":"2024-01-19T09:05:36","date_gmt":"2024-01-19T08:05:36","guid":{"rendered":"https:\/\/www.cpv-ev.com\/?p=28420"},"modified":"2026-04-22T12:40:37","modified_gmt":"2026-04-22T10:40:37","slug":"12-01-2024-sportponyfoerderung-2023-die-kandidaten-stellen-sich-vor","status":"publish","type":"post","link":"https:\/\/www.cpv-ev.com\/?p=28420","title":{"rendered":"12.01.2024 &#8211; Sportponyf\u00f6rderung 2023 &#8211; Die Kandidaten stellen sich vor"},"content":{"rendered":"<p>&nbsp;<\/p>\r\n<p><strong>Katharina Bufe mit Edwige de Boissis<\/strong><\/p>\r\n<p>&nbsp;<\/p>\r\n\r\n<p><!--more--><\/p>\r\n\r\n<p><a href=\"https:\/\/www.cpv-ev.com\/wp-content\/uploads\/2024\/02\/IMG_2021-1.jpg\"><img loading=\"lazy\" decoding=\"async\" class=\"alignleft size-thumbnail wp-image-28480\" src=\"https:\/\/www.cpv-ev.com\/wp-content\/uploads\/2024\/02\/IMG_2021-1-165x110.jpg\" alt=\"\" width=\"165\" height=\"110\" srcset=\"https:\/\/www.cpv-ev.com\/wp-content\/uploads\/2024\/02\/IMG_2021-1-165x110.jpg 165w, https:\/\/www.cpv-ev.com\/wp-content\/uploads\/2024\/02\/IMG_2021-1-300x200.jpg 300w, https:\/\/www.cpv-ev.com\/wp-content\/uploads\/2024\/02\/IMG_2021-1-500x333.jpg 500w, https:\/\/www.cpv-ev.com\/wp-content\/uploads\/2024\/02\/IMG_2021-1-768x512.jpg 768w, https:\/\/www.cpv-ev.com\/wp-content\/uploads\/2024\/02\/IMG_2021-1.jpg 1080w\" sizes=\"auto, (max-width: 165px) 100vw, 165px\" \/><\/a>Ich komme urspr\u00fcnglich aus dem Saarland und habe&nbsp;2001\/2002 ein Jahr auf dem Connemara-Gest\u00fct \u201ede Boissis\u201c verbracht. 2017 haben wir zwei Connemara-Stuten \u00fcbernommen, die von diesem Gest\u00fct stammen: Electre de Boissis und Edwige de Boissis. Fr\u00fcher bin ich oft Edwiges Mutter Harriet de Boissis&nbsp;geritten. Seit zwei Jahren ist Edwige de Boissis (9)&nbsp;mit ihrer jungen&nbsp;Reiterin Aline (12)&nbsp;erfolgreich im Springen gegen Grosspferde.&nbsp;Dieses Jahr konnten die beiden 22 Schleifen bei Springpr\u00fcfungen sammeln (6 Platzierungen in Stilpr\u00fcfungen auf Stufe 100 cm,&nbsp;11 Platzierungen in Zeitspringen auf Stufe 100 cm und 5 Platzierungen in Zeitspringen&nbsp;auf Stufe 105 cm). In der Kategorie 110 cm waren sie auch schon fehlerfrei.&nbsp;Ein&nbsp;Zeitspringen (105 cm) haben sie sogar&nbsp;gewonnen. In einem Stilspringen (100 cm) waren sie Zweite. Und in&nbsp;einem Springen auf H\u00f6he 110 cm waren sie 1. Reserve. Die beiden sind ein wunderbares Team.&nbsp;Die Pr\u00fcfungen sind oft stark besetzt, wobei Aline oft die <a href=\"https:\/\/www.cpv-ev.com\/wp-content\/uploads\/2024\/02\/IMG_2022-1-e1707229596876.jpg\"><img loading=\"lazy\" decoding=\"async\" class=\"alignright size-thumbnail wp-image-28481\" src=\"https:\/\/www.cpv-ev.com\/wp-content\/uploads\/2024\/02\/IMG_2022-1-165x110.jpg\" alt=\"\" width=\"165\" height=\"110\"><\/a>j\u00fcngste Reiterin ist.&nbsp;Die Ergebnisse finden Sie hier:&nbsp;<a href=\"https:\/\/info.swiss-equestrian.ch\/#\/resultate\/pferde\/135008\">https:\/\/info.swiss-equestrian.ch\/#\/resultate\/pferde\/135008<\/a>&nbsp;<\/p>\r\n<p>&nbsp; &nbsp;<\/p>\r\n<p>Ich w\u00fcrde mich sehr freuen, wenn Alines&nbsp;Engagement und das Talent unserer Ponystute Edwige de Boissis&nbsp;entsprechend gef\u00f6rdert w\u00fcrden. Ganz nach dem Motto \u201eklein, aber oho\u201c. &nbsp; &nbsp;<\/p>\r\n<p>&nbsp; &nbsp;<\/p>\r\n<p>Auf Facebook finden Sie zudem ein Album \u201eEdwige de Boissis\u201c. &nbsp;<\/p>\r\n<p>&nbsp; &nbsp;<\/p>","protected":false},"excerpt":{"rendered":"<p>&nbsp; Katharina Bufe mit Edwige de Boissis &nbsp;<\/p>\n","protected":false},"author":5,"featured_media":0,"comment_status":"closed","ping_status":"closed","sticky":false,"template":"","format":"standard","meta":{"ngg_post_thumbnail":0,"footnotes":""},"categories":[49,17],"tags":[],"class_list":["post-28420","post","type-post","status-publish","format-standard","hentry","category-news-2024","category-sport-news"],"_links":{"self":[{"href":"https:\/\/www.cpv-ev.com\/index.php?rest_route=\/wp\/v2\/posts\/28420","targetHints":{"allow":["GET"]}}],"collection":[{"href":"https:\/\/www.cpv-ev.com\/index.php?rest_route=\/wp\/v2\/posts"}],"about":[{"href":"https:\/\/www.cpv-ev.com\/index.php?rest_route=\/wp\/v2\/types\/post"}],"author":[{"embeddable":true,"href":"https:\/\/www.cpv-ev.com\/index.php?rest_route=\/wp\/v2\/users\/5"}],"replies":[{"embeddable":true,"href":"https:\/\/www.cpv-ev.com\/index.php?rest_route=%2Fwp%2Fv2%2Fcomments&post=28420"}],"version-history":[{"count":7,"href":"https:\/\/www.cpv-ev.com\/index.php?rest_route=\/wp\/v2\/posts\/28420\/revisions"}],"predecessor-version":[{"id":28490,"href":"https:\/\/www.cpv-ev.com\/index.php?rest_route=\/wp\/v2\/posts\/28420\/revisions\/28490"}],"wp:attachment":[{"href":"https:\/\/www.cpv-ev.com\/index.php?rest_route=%2Fwp%2Fv2%2Fmedia&parent=28420"}],"wp:term":[{"taxonomy":"category","embeddable":true,"href":"https:\/\/www.cpv-ev.com\/index.php?rest_route=%2Fwp%2Fv2%2Fcategories&post=28420"},{"taxonomy":"post_tag","embeddable":true,"href":"https:\/\/www.cpv-ev.com\/index.php?rest_route=%2Fwp%2Fv2%2Ftags&post=28420"}],"curies":[{"name":"wp","href":"https:\/\/api.w.org\/{rel}","templated":true}]}}