{"id":27658,"date":"2022-06-28T12:39:47","date_gmt":"2022-06-28T10:39:47","guid":{"rendered":"https:\/\/www.cpv-ev.com\/?p=27658"},"modified":"2023-12-06T10:02:58","modified_gmt":"2023-12-06T09:02:58","slug":"einladung-zur-4-internationalen-connemara-pony-schau-in-wickrath","status":"publish","type":"post","link":"https:\/\/www.cpv-ev.com\/?p=27658","title":{"rendered":"01.07.2022 &#8211; Einladung zur 4. Internationalen Connemara Pony Schau in Wickrath"},"content":{"rendered":"\r\n<p><\/p>\r\n\r\n\r\n\r\n<p><\/p>\r\n\r\n\r\n\r\n<p><\/p>\r\n\r\n\r\n\r\n<p>&nbsp;\r\n<p><strong>Zucht- und Sportveranstaltung der CPV auf Schloss Wickrath<\/strong> <strong>am 10. &amp; 11. September 2022<\/strong> &#8211; Ausschreibung folgt<\/p><\/p>\r\n\r\n\r\n<p>&nbsp;<\/p>\r\n\r\n\r\n<p><strong>Society runs Breeding and Sports event on Castle Wickrath on September 10th &amp; 11th 2022<\/strong><\/p>\r\n\r\n\r\n<p><\/p>\r\n<p><!--more--><\/p>\r\n<p><\/p>\r\n<table border=\"1\" cellspacing=\"0\" cellpadding=\"0\">\r\n<tbody>\r\n<tr>\r\n<td style=\"text-align: justify;\" valign=\"top\" width=\"307\">Bitte verwenden Sie die Links zu Aus-schreibung und Nennformular:<\/td>\r\n<td valign=\"top\" width=\"50\">&nbsp;<\/td>\r\n<td style=\"text-align: justify;\" valign=\"top\" width=\"307\">Please use the following links for the invitation and entry form:<\/td>\r\n<\/tr>\r\n<\/tbody>\r\n<tbody>\r\n<tr>\r\n<td colspan=\"2\" valign=\"top\" width=\"307\"><img loading=\"lazy\" decoding=\"async\" src=\"https:\/\/www.cpv-ev.com\/wp-content\/uploads\/2012\/07\/trans240x10.gif\" alt=\"trans240x10\" width=\"240\" height=\"10\"><\/td>\r\n<\/tr>\r\n<\/tbody>\r\n<tbody>\r\n<tr>\r\n<td style=\"text-align: left;\" valign=\"top\" width=\"307\"><a href=\"https:\/\/www.cpv-ev.com\/wp-content\/uploads\/2022\/07\/2022-aktuell-Ausschreibung.pdf\"><span style=\"text-decoration: underline;\"><strong>AUSSCHREIBUNG 2022<\/strong><\/span><\/a><\/td>\r\n<td valign=\"top\" width=\"50\">&nbsp;<\/td>\r\n<td style=\"text-align: left;\" valign=\"top\" width=\"307\"><span style=\"text-decoration: underline;\"><strong><a href=\"https:\/\/www.cpv-ev.com\/wp-content\/uploads\/2022\/07\/2022-aktuell-Announcement.pdf\">ANNOUNCEMENT 2022<\/a><br><\/strong><\/span><\/td>\r\n<\/tr>\r\n<tr>\r\n<td colspan=\"2\" valign=\"top\" width=\"307\"><img loading=\"lazy\" decoding=\"async\" src=\"https:\/\/www.cpv-ev.com\/wp-content\/uploads\/2012\/07\/trans240x10.gif\" alt=\"trans240x10\" width=\"240\" height=\"10\"><\/td>\r\n<\/tr>\r\n<tr>\r\n<td style=\"text-align: justify;\" valign=\"top\" width=\"307\">Erneut in der Veranstaltung ist der Freispringwettbewerb. Er ist offen f\u00fcr alle Ponys, die zuvor an einer In-Hand bzw. Reit- Klasse teilgenommen haben, Stuten mit Fohlen bei Fu\u00df sind nat\u00fcrlich ausgenommen. Die In-Hand Klassen finden bereits am Samstag statt, das Freispringen wird am Sonntag Morgen stattfinden.<\/td>\r\n<td valign=\"top\" width=\"50\">&nbsp;<\/td>\r\n<td valign=\"top\" width=\"307\">One big venue will be the loose jumping competition, open to all ponies that have already been presented in an in-hand or ridden class, except mares with foal at foot. The in-hand classes will take place on Saturday, the loose jumping is held on Sunday morning.<\/td>\r\n<\/tr>\r\n<tr>\r\n<td colspan=\"2\" valign=\"top\" width=\"307\"><img loading=\"lazy\" decoding=\"async\" src=\"https:\/\/www.cpv-ev.com\/wp-content\/uploads\/2012\/07\/trans240x10.gif\" alt=\"trans240x10\" width=\"240\" height=\"10\"><\/td>\r\n<\/tr>\r\n<tr>\r\n<td style=\"text-align: left;\" valign=\"top\" width=\"307\"><a href=\"https:\/\/www.cpv-ev.com\/wp-content\/uploads\/2022\/08\/2022-Anforderungen.pdf\"><span style=\"text-decoration: underline;\"><strong>Details Sportklassen<\/strong><\/span><\/a><\/td>\r\n<td valign=\"top\" width=\"50\">&nbsp;<\/td>\r\n<td style=\"text-align: left;\" valign=\"top\" width=\"307\"><a href=\"https:\/\/www.cpv-ev.com\/wp-content\/uploads\/2022\/08\/2022-Anforderungen.pdf\"><span style=\"text-decoration: underline;\"><strong>Coming soon<\/strong><\/span><\/a><\/td>\r\n<\/tr>\r\n<tr>\r\n<td colspan=\"2\" valign=\"top\" width=\"307\"><img loading=\"lazy\" decoding=\"async\" src=\"https:\/\/www.cpv-ev.com\/wp-content\/uploads\/2012\/07\/trans240x10.gif\" alt=\"trans240x10\" width=\"240\" height=\"10\"><\/td>\r\n<\/tr>\r\n<tr>\r\n<td style=\"text-align: justify;\" valign=\"top\" width=\"307\">Die Veranstaltung einer Zuchtschau in Ver-bindung mit sportlichen Wettbewerben ist bei der CPV f\u00fcr das zweite Septemberwochen-ende in Vorbereitung.<\/td>\r\n<td valign=\"top\" width=\"50\">&nbsp;<\/td>\r\n<td valign=\"top\" width=\"307\">The second September weekend is fully booked with the Show of the CPV, combining in-hand classes and sport classes alike, planning is going ahead.<\/td>\r\n<\/tr>\r\n<tr>\r\n<td colspan=\"2\" valign=\"top\" width=\"307\"><img loading=\"lazy\" decoding=\"async\" src=\"https:\/\/www.cpv-ev.com\/wp-content\/uploads\/2012\/07\/trans240x10.gif\" alt=\"trans240x10\" width=\"240\" height=\"10\"><\/td>\r\n<\/tr>\r\n<tr>\r\n<td style=\"text-align: left;\" valign=\"top\" width=\"307\"><a href=\"https:\/\/www.cpv-ev.com\/wp-content\/uploads\/2022\/08\/2022-Nennung-Zucht-neu_1.pdf\"><span style=\"text-decoration: underline;\"><strong>Nennformular Zucht <\/strong><strong>2022<\/strong><\/span><\/a><\/td>\r\n<td valign=\"top\" width=\"50\">&nbsp;<\/td>\r\n<td style=\"text-align: left;\" valign=\"top\" width=\"307\"><a href=\"https:\/\/www.cpv-ev.com\/wp-content\/uploads\/2022\/08\/2022-Nomination-Breed-Show.pdf\"><span style=\"text-decoration: underline;\"><strong>Nomination Breed Show 2022<\/strong><\/span><\/a><\/td>\r\n<\/tr>\r\n<tr>\r\n<td colspan=\"2\" valign=\"top\" width=\"307\"><img loading=\"lazy\" decoding=\"async\" src=\"https:\/\/www.cpv-ev.com\/wp-content\/uploads\/2012\/07\/trans240x10.gif\" alt=\"trans240x10\" width=\"240\" height=\"10\"><\/td>\r\n<\/tr>\r\n<tr>\r\n<td style=\"text-align: justify;\" valign=\"top\" width=\"307\">Verkehrstechnisch vor allem auch f\u00fcr inter-nationale Besucher und Teilnehmer attraktiv, wird die Anlage des Rheinischen Pferdestamm-buchs auf Schloss Wickrath in M\u00f6nchenglad-bach zum Austragungsort f\u00fcr Zucht- und Sportwettbewerbe. Schaubilder runden das vielf\u00e4ltige Programm ab.<\/td>\r\n<td valign=\"top\" width=\"50\">&nbsp;<\/td>\r\n<td valign=\"top\" width=\"307\">The show will be run on the premises of the Rheinisches Pferdestammbuch on Castle Wickrath in M\u00f6nchengladbach, closely to the Netherlands and Belgian borders with good motorway connections. Classes will be run for both in-hand and ridden, and there will be more breed presentations.<\/td>\r\n<\/tr>\r\n<tr>\r\n<td colspan=\"2\" valign=\"top\" width=\"307\"><img loading=\"lazy\" decoding=\"async\" src=\"https:\/\/www.cpv-ev.com\/wp-content\/uploads\/2012\/07\/trans240x10.gif\" alt=\"trans240x10\" width=\"240\" height=\"10\"><\/td>\r\n<\/tr>\r\n<tr>\r\n<td style=\"text-align: left;\" valign=\"top\" width=\"307\"><a href=\"https:\/\/www.cpv-ev.com\/wp-content\/uploads\/2022\/08\/2022-Nennung-Sport-neu.pdf\"><span style=\"text-decoration: underline;\"><strong>Nennformular Sport 2022<\/strong><\/span><\/a><\/td>\r\n<td valign=\"top\" width=\"50\">&nbsp;<\/td>\r\n<td style=\"text-align: left;\" valign=\"top\" width=\"307\"><a href=\"https:\/\/www.cpv-ev.com\/wp-content\/uploads\/2022\/08\/2022-Nomination-Sport-new.pdf\"><span style=\"text-decoration: underline;\"><strong>Nomination Sport 2022<\/strong><\/span><\/a><\/td>\r\n<\/tr>\r\n<tr>\r\n<td colspan=\"2\" valign=\"top\" width=\"307\"><img loading=\"lazy\" decoding=\"async\" src=\"https:\/\/www.cpv-ev.com\/wp-content\/uploads\/2012\/07\/trans240x10.gif\" alt=\"trans240x10\" width=\"240\" height=\"10\"><\/td>\r\n<\/tr>\r\n<tr>\r\n<td style=\"text-align: justify;\" valign=\"top\" width=\"307\">F\u00fcr die Zuchtschau konnten bereits inter-nationale Richter gewonnen werden.<\/td>\r\n<td valign=\"top\" width=\"50\">&nbsp;<\/td>\r\n<td valign=\"top\" width=\"307\">For the breeding classes, international judges have been invited.<\/td>\r\n<\/tr>\r\n<\/tbody>\r\n<\/table>","protected":false},"excerpt":{"rendered":"<p>&nbsp; Zucht- und Sportveranstaltung der CPV auf Schloss Wickrath am 10. &amp; 11. September 2022 &#8211; Ausschreibung folgt &nbsp; Society runs Breeding and Sports event on Castle Wickrath on September 10th &amp; 11th 2022<\/p>\n","protected":false},"author":5,"featured_media":0,"comment_status":"closed","ping_status":"closed","sticky":false,"template":"","format":"standard","meta":{"ngg_post_thumbnail":0,"footnotes":""},"categories":[1,47],"tags":[],"class_list":["post-27658","post","type-post","status-publish","format-standard","hentry","category-allgemein","category-news-2022"],"_links":{"self":[{"href":"https:\/\/www.cpv-ev.com\/index.php?rest_route=\/wp\/v2\/posts\/27658","targetHints":{"allow":["GET"]}}],"collection":[{"href":"https:\/\/www.cpv-ev.com\/index.php?rest_route=\/wp\/v2\/posts"}],"about":[{"href":"https:\/\/www.cpv-ev.com\/index.php?rest_route=\/wp\/v2\/types\/post"}],"author":[{"embeddable":true,"href":"https:\/\/www.cpv-ev.com\/index.php?rest_route=\/wp\/v2\/users\/5"}],"replies":[{"embeddable":true,"href":"https:\/\/www.cpv-ev.com\/index.php?rest_route=%2Fwp%2Fv2%2Fcomments&post=27658"}],"version-history":[{"count":1,"href":"https:\/\/www.cpv-ev.com\/index.php?rest_route=\/wp\/v2\/posts\/27658\/revisions"}],"predecessor-version":[{"id":28384,"href":"https:\/\/www.cpv-ev.com\/index.php?rest_route=\/wp\/v2\/posts\/27658\/revisions\/28384"}],"wp:attachment":[{"href":"https:\/\/www.cpv-ev.com\/index.php?rest_route=%2Fwp%2Fv2%2Fmedia&parent=27658"}],"wp:term":[{"taxonomy":"category","embeddable":true,"href":"https:\/\/www.cpv-ev.com\/index.php?rest_route=%2Fwp%2Fv2%2Fcategories&post=27658"},{"taxonomy":"post_tag","embeddable":true,"href":"https:\/\/www.cpv-ev.com\/index.php?rest_route=%2Fwp%2Fv2%2Ftags&post=27658"}],"curies":[{"name":"wp","href":"https:\/\/api.w.org\/{rel}","templated":true}]}}