{"id":26929,"date":"2021-08-31T07:07:22","date_gmt":"2021-08-31T05:07:22","guid":{"rendered":"https:\/\/www.cpv-ev.com\/?p=26929"},"modified":"2023-10-09T15:03:38","modified_gmt":"2023-10-09T13:03:38","slug":"30-08-2021-bundeschampionat-des-deutschen-fahrponys-2021","status":"publish","type":"post","link":"https:\/\/www.cpv-ev.com\/?p=26929","title":{"rendered":"30.08.2021 &#8211; Bundeschampionat des Deutschen Fahrponys 2021"},"content":{"rendered":"<p>&nbsp;<\/p>\n<p><strong>Deutsches Fahrponychampionat f\u00fcr 4- bis 7-j\u00e4hrige Fahrponys<\/strong><\/p>\n<p>&nbsp;<\/p>\n\n\n<!--more-->\n\n\n\n<p><strong><br><\/strong><\/p>\n\n\n<p align=\"justify\">FN-Press: &#8222;In zwei Alterklassen, f\u00fcr vier- und f\u00fcnfj\u00e4hrige Pferde in einer Pr\u00fcfung der Kl. A, sowie f\u00fcr sechs- und siebenj\u00e4hrige Pferde in Kl. M wurden die Champions des Jahres 2021 ermittelt. Dabei konkurrieren die Schweren Warmbl\u00fcter in geschlossenen Klassen unter sich. Das Bundeschampionat der Schweren Warmbl\u00fcter konnte in diesem Jahr ein kleines Jubil\u00e4um feiern: Vor zwanzig Jahren wurde es zum ersten Mal ausgetragen, seitdem ist es stets in Moritzburg. Seit einigen Jahren ist das Bundeschampionat des Deutschen Fahrpferdes von Warendorf ebenfalls nach Sachsen verlegt worden, was zu einer Steigerung der Nennungszahlen gef\u00fchrt hat. In diesem Jahr eine Steigerung um 23 Prozent im Vergleich zum Vorjahr, das zeigt einen deutlichen Trend nach oben.<\/p>\n<p>&nbsp;<\/p>\n<p align=\"justify\">In Moritzburg wurde auch das Fahrponychampionat in beiden Altersklassen ausgefahren. Bei den vier- und f\u00fcnfj\u00e4hrigen Ponys stand die Edelbluthaflingerstute Delmara SCH an erster Stelle, vorgestellt von Kathrin Karosser (Leitzachtal), Wertnote 27,42. Die Tochter des Salvator SCH \u2013 Nerv erhielt vom Fremdfahrer das Urteil \u201evorz\u00fcglich\u201c. Z\u00fcchter und Besitzer der Delmara SCH ist Johann Schmid.&#8220; <br>Zw\u00f6lf Teilnehmer gab es in dieser in Kl. A gefahrenen Pr\u00fcfung. Als Vizechampion ging die von Ulrich M\u00fcller aus Steinpleis gezogene Stute Daria v. Quaterback&#8217;s Junior &#8211; Troll unter Bettina Winkler aus der Finalpr\u00fcfung hervor. <br><a href=\"https:\/\/www.cpv-ev.com\/wp-content\/uploads\/2021\/08\/Akito-DR.jpg\"><img loading=\"lazy\" decoding=\"async\" class=\"alignleft size-thumbnail wp-image-26932\" src=\"https:\/\/www.cpv-ev.com\/wp-content\/uploads\/2021\/08\/Akito-DR-147x110.jpg\" alt=\"\" width=\"147\" height=\"110\" srcset=\"https:\/\/www.cpv-ev.com\/wp-content\/uploads\/2021\/08\/Akito-DR-147x110.jpg 147w, https:\/\/www.cpv-ev.com\/wp-content\/uploads\/2021\/08\/Akito-DR-300x225.jpg 300w, https:\/\/www.cpv-ev.com\/wp-content\/uploads\/2021\/08\/Akito-DR-500x375.jpg 500w, https:\/\/www.cpv-ev.com\/wp-content\/uploads\/2021\/08\/Akito-DR-146x110.jpg 146w, https:\/\/www.cpv-ev.com\/wp-content\/uploads\/2021\/08\/Akito-DR.jpg 750w\" sizes=\"auto, (max-width: 147px) 100vw, 147px\" \/>Dirk Wolters aus Emsdetten hatte das in seinem Besitz befindenden Connemara-Partbred Akito 90 (FN) v. A new Star II a.d. Maeggen v. Eamon an Cnoic an den Leinen, welcher sich den Bronze-Titel erk\u00e4mpfte. Gezogen wurde dieser Wallach von Marion Koch in M\u00f6hnesee. Mit den drei Moritzburger Platzierungen auf dem jeweils dritten Platz konnte er mit 246 EUR Gewinngeld auch seine Lebensgewinnsumme (bis 2020 lag sie bei 66 EUR) erheblich steigern.<\/a><\/p>\n<p><a href=\"https:\/\/www.cpv-ev.com\/wp-content\/uploads\/2021\/08\/Akito-DR.jpg\"><\/a><\/p>\n<p><a href=\"https:\/\/www.cpv-ev.com\/wp-content\/uploads\/2021\/08\/Akito-DR.jpg\"><\/a><\/p>\n<p><a href=\"https:\/\/www.cpv-ev.com\/wp-content\/uploads\/2021\/08\/Akito-DR.jpg\"><\/a><\/p><a href=\"https:\/\/www.cpv-ev.com\/wp-content\/uploads\/2021\/08\/Akito-DR.jpg\">\n<p>&nbsp;<\/p>\n<p align=\"justify\">FN-Press: &#8222;Avici Ass ist ebenfalls ein Edelbluthaflinger, gezogen von Franz Achmueller, im Besitz von Anna-Lena Taube. Der Hengst von Armani Ass \u2013 Nairobi M siegte im Fahrponychampionat Kl. M, also bei den sechs- und siebenj\u00e4hrigen Ponys, mit der Wertnote 17,25, auch er wurde vorgestellt von Kathrin Karosser.&#8220;<br>In der Klasse M gingen acht Fahrponys an den Start.<\/p>\n<p>&nbsp;<\/p>\n<p>&nbsp;<\/p>\n<\/a><p><a href=\"https:\/\/www.cpv-ev.com\/wp-content\/uploads\/2021\/08\/Akito-DR.jpg\"><\/a><\/p>\n<p><a href=\"https:\/\/www.cpv-ev.com\/wp-content\/uploads\/2021\/08\/Akito-DR.jpg\"><\/a><\/p>\n<p><a href=\"https:\/\/www.cpv-ev.com\/wp-content\/uploads\/2021\/08\/Akito-DR.jpg\"><\/a><\/p>","protected":false},"excerpt":{"rendered":"<p>&nbsp; Deutsches Fahrponychampionat f\u00fcr 4- bis 7-j\u00e4hrige Fahrponys &nbsp;<\/p>\n","protected":false},"author":2,"featured_media":0,"comment_status":"closed","ping_status":"closed","sticky":false,"template":"","format":"standard","meta":{"ngg_post_thumbnail":0,"footnotes":""},"categories":[1,40,17],"tags":[],"class_list":["post-26929","post","type-post","status-publish","format-standard","hentry","category-allgemein","category-news-2021","category-sport-news"],"_links":{"self":[{"href":"https:\/\/www.cpv-ev.com\/index.php?rest_route=\/wp\/v2\/posts\/26929","targetHints":{"allow":["GET"]}}],"collection":[{"href":"https:\/\/www.cpv-ev.com\/index.php?rest_route=\/wp\/v2\/posts"}],"about":[{"href":"https:\/\/www.cpv-ev.com\/index.php?rest_route=\/wp\/v2\/types\/post"}],"author":[{"embeddable":true,"href":"https:\/\/www.cpv-ev.com\/index.php?rest_route=\/wp\/v2\/users\/2"}],"replies":[{"embeddable":true,"href":"https:\/\/www.cpv-ev.com\/index.php?rest_route=%2Fwp%2Fv2%2Fcomments&post=26929"}],"version-history":[{"count":0,"href":"https:\/\/www.cpv-ev.com\/index.php?rest_route=\/wp\/v2\/posts\/26929\/revisions"}],"wp:attachment":[{"href":"https:\/\/www.cpv-ev.com\/index.php?rest_route=%2Fwp%2Fv2%2Fmedia&parent=26929"}],"wp:term":[{"taxonomy":"category","embeddable":true,"href":"https:\/\/www.cpv-ev.com\/index.php?rest_route=%2Fwp%2Fv2%2Fcategories&post=26929"},{"taxonomy":"post_tag","embeddable":true,"href":"https:\/\/www.cpv-ev.com\/index.php?rest_route=%2Fwp%2Fv2%2Ftags&post=26929"}],"curies":[{"name":"wp","href":"https:\/\/api.w.org\/{rel}","templated":true}]}}