{"id":26754,"date":"2021-06-26T14:41:44","date_gmt":"2021-06-26T12:41:44","guid":{"rendered":"https:\/\/www.cpv-ev.com\/?p=26754"},"modified":"2021-08-14T11:27:46","modified_gmt":"2021-08-14T09:27:46","slug":"26-06-2021-stutbuchaufnahme-und-staatspraemienauswahl-in-adelheidsdorf-von-susanne-lehmann","status":"publish","type":"post","link":"https:\/\/www.cpv-ev.com\/?p=26754","title":{"rendered":"26.06.2021 &#8211; Stutbuchaufnahme und Staatspr\u00e4mienauswahl in Adelheidsdorf, von Susanne Lehmann"},"content":{"rendered":"<p>&nbsp;<\/p>\n<p><strong>Connemara Pony Stuten wurden eingetragen<\/strong><\/p>\n<p>&nbsp;<\/p>\n\n\n<!--more-->\n\n\n\n<p><strong><br><\/strong><\/p>\n\n\n<p align=\"justify\">Die Zentrale Stutbuchaufnahme mit Auswahl der Staatspr\u00e4mienstuten Anw\u00e4rterinnen vom 19. und 20. Juni 2021 des Ponyverbands Hannover in Adelheidsdorf hatte am Samstag die Sportponyrassen im Programm. Zwei Connemara Pony Stuten wurden vorgestellt.<\/p>\n<p>&nbsp;<\/p>\n<p align=\"justify\"><a href=\"https:\/\/www.cpv-ev.com\/wp-content\/uploads\/2021\/06\/Gentle-Amy.jpg\"><img loading=\"lazy\" decoding=\"async\" class=\"alignright size-thumbnail wp-image-26736\" src=\"https:\/\/www.cpv-ev.com\/wp-content\/uploads\/2021\/06\/Gentle-Amy-147x110.jpg\" alt=\"\" width=\"147\" height=\"110\" srcset=\"https:\/\/www.cpv-ev.com\/wp-content\/uploads\/2021\/06\/Gentle-Amy-147x110.jpg 147w, https:\/\/www.cpv-ev.com\/wp-content\/uploads\/2021\/06\/Gentle-Amy-300x225.jpg 300w, https:\/\/www.cpv-ev.com\/wp-content\/uploads\/2021\/06\/Gentle-Amy-500x375.jpg 500w, https:\/\/www.cpv-ev.com\/wp-content\/uploads\/2021\/06\/Gentle-Amy-146x110.jpg 146w, https:\/\/www.cpv-ev.com\/wp-content\/uploads\/2021\/06\/Gentle-Amy.jpg 750w\" sizes=\"auto, (max-width: 147px) 100vw, 147px\" \/><\/a>Vierj\u00e4hrig war die Glencarrig Knight-Tochter Gentle Amy aus der Susie von Clonberne Boy, gezogen von John McLoughlin in Letterfrack, Connemara. Die ganz gut gebaute und mit passendem Fundament ausgestattete Stute wurde von Katrin Hogreve aus Ramlingen vorgestellt. Ihr Auftritt blieb etwas &#8222;farblos&#8220;, man h\u00e4tte ihr insgesamt mehr &#8222;Go&#8220; gew\u00fcnscht. Amy wurde in Stutbuch I eingetragen.<\/p>\n<p>&nbsp;<\/p>\n<p align=\"justify\"><a href=\"https:\/\/www.cpv-ev.com\/wp-content\/uploads\/2021\/06\/Kulinshof-Queen-Maeve.jpg\"><img loading=\"lazy\" decoding=\"async\" class=\"size-thumbnail wp-image-26737 alignleft\" src=\"https:\/\/www.cpv-ev.com\/wp-content\/uploads\/2021\/06\/Kulinshof-Queen-Maeve-147x110.jpg\" alt=\"\" width=\"147\" height=\"110\" srcset=\"https:\/\/www.cpv-ev.com\/wp-content\/uploads\/2021\/06\/Kulinshof-Queen-Maeve-147x110.jpg 147w, https:\/\/www.cpv-ev.com\/wp-content\/uploads\/2021\/06\/Kulinshof-Queen-Maeve-300x225.jpg 300w, https:\/\/www.cpv-ev.com\/wp-content\/uploads\/2021\/06\/Kulinshof-Queen-Maeve-500x375.jpg 500w, https:\/\/www.cpv-ev.com\/wp-content\/uploads\/2021\/06\/Kulinshof-Queen-Maeve-146x110.jpg 146w, https:\/\/www.cpv-ev.com\/wp-content\/uploads\/2021\/06\/Kulinshof-Queen-Maeve.jpg 750w\" sizes=\"auto, (max-width: 147px) 100vw, 147px\" \/><\/a>Dreij\u00e4hrig war Kulinshof Queen Maeve, eine Tochter des Gurteen Cathal aus der Lutece de Rigne von Theoreme de Jax, gezogen von Ulla Connolly (Rust), ausgestellt wurde die Stute von Marie-Luise Diercks aus Kirchwalsede. Interessant sicherlich, dass beide Stuten T\u00f6chter von Clifden Supreme Champions sind. Mit einer sch\u00f6nen Front ausgestattet und einem Kaliber, dass sie sicherlich auch f\u00fcr erwachsene Reiter\/-innen tauglich macht, konnte auch sie in Stutbuch I eingetragen werden.<\/p>\n<p>&nbsp;<\/p>\n<p>&nbsp;<\/p>\n<p>&nbsp;<\/p>","protected":false},"excerpt":{"rendered":"<p>&nbsp; Connemara Pony Stuten wurden eingetragen &nbsp;<\/p>\n","protected":false},"author":2,"featured_media":0,"comment_status":"closed","ping_status":"closed","sticky":false,"template":"","format":"standard","meta":{"ngg_post_thumbnail":0,"footnotes":""},"categories":[1,40,8],"tags":[],"class_list":["post-26754","post","type-post","status-publish","format-standard","hentry","category-allgemein","category-news-2021","category-zucht-veranstaltungen"],"_links":{"self":[{"href":"https:\/\/www.cpv-ev.com\/index.php?rest_route=\/wp\/v2\/posts\/26754","targetHints":{"allow":["GET"]}}],"collection":[{"href":"https:\/\/www.cpv-ev.com\/index.php?rest_route=\/wp\/v2\/posts"}],"about":[{"href":"https:\/\/www.cpv-ev.com\/index.php?rest_route=\/wp\/v2\/types\/post"}],"author":[{"embeddable":true,"href":"https:\/\/www.cpv-ev.com\/index.php?rest_route=\/wp\/v2\/users\/2"}],"replies":[{"embeddable":true,"href":"https:\/\/www.cpv-ev.com\/index.php?rest_route=%2Fwp%2Fv2%2Fcomments&post=26754"}],"version-history":[{"count":0,"href":"https:\/\/www.cpv-ev.com\/index.php?rest_route=\/wp\/v2\/posts\/26754\/revisions"}],"wp:attachment":[{"href":"https:\/\/www.cpv-ev.com\/index.php?rest_route=%2Fwp%2Fv2%2Fmedia&parent=26754"}],"wp:term":[{"taxonomy":"category","embeddable":true,"href":"https:\/\/www.cpv-ev.com\/index.php?rest_route=%2Fwp%2Fv2%2Fcategories&post=26754"},{"taxonomy":"post_tag","embeddable":true,"href":"https:\/\/www.cpv-ev.com\/index.php?rest_route=%2Fwp%2Fv2%2Ftags&post=26754"}],"curies":[{"name":"wp","href":"https:\/\/api.w.org\/{rel}","templated":true}]}}