{"id":24751,"date":"2020-08-12T18:29:53","date_gmt":"2020-08-12T16:29:53","guid":{"rendered":"https:\/\/www.cpv-ev.com\/?p=24751"},"modified":"2021-06-26T15:08:28","modified_gmt":"2021-06-26T13:08:28","slug":"hilfe-es-brennt-im-stall","status":"publish","type":"post","link":"https:\/\/www.cpv-ev.com\/?p=24751","title":{"rendered":"12.08.2020 &#8211; Hilfe, es brennt im Stall, von Bettina H\u00e4rtel"},"content":{"rendered":"<p>&nbsp;<\/p>\n<p><strong>Der Alptraum jedes Pferdebesitzers<\/strong><\/p>\n<p>&nbsp;<\/p>\n\n\n<!--more-->\n\n\n\n<p><strong><br><\/strong><\/p>\n\n\n<p><\/p>\n<p><a href=\"https:\/\/www.cpv-ev.com\/wp-content\/uploads\/2020\/08\/IMG_0858-scaled.jpg\"><img loading=\"lazy\" decoding=\"async\" class=\"size-thumbnail wp-image-25055 alignleft\" src=\"https:\/\/www.cpv-ev.com\/wp-content\/uploads\/2020\/08\/IMG_0858-147x110.jpg\" alt=\"\" width=\"147\" height=\"110\"><\/a> Dichter Rauch quillt unter der T\u00fcr der Scheune hindurch und h\u00fcllt die Boxen ein. Drei Personen werden noch im Geb\u00e4ude vermisst. Zum Gl\u00fcck sind die Pferde auf der nahegelegenen Koppel und m\u00fcssen nicht mehr evakuiert werden.<\/p>\n<p><\/p>\n<p style=\"margin-top: 38px;\">\n<\/p><p style=\"margin-top: 38px;\">\n<\/p><p align=\"justify\">Diese oder \u00e4hnliche Szenarien sind gerade im Sommer nicht ungew\u00f6hnlich und treffen jedes Jahr viel zu viele St\u00e4lle. Pferde, die man nicht mehr aus dem brennenden Geb\u00e4ude evakuieren kann, werden schwer verletzt oder sterben qualvoll in den Flammen, Menschen kommen bei Rettungsversuchen zu Schaden, ganze Vorr\u00e4te an Heu und Stroh, welche die Futtergrundlage f\u00fcr den Winter darstellen, werden unwiederbringlich zerst\u00f6rt und treiben Stallbetreiber an den Rand des Ruins.<\/p>\n<p><\/p>\n<p style=\"margin-top: 38px;\">\n<\/p><p><a href=\"https:\/\/www.cpv-ev.com\/wp-content\/uploads\/2020\/08\/IMG_0861-scaled-e1602756194489.jpg\"><img loading=\"lazy\" decoding=\"async\" class=\"alignleft size-thumbnail wp-image-25057\" src=\"https:\/\/www.cpv-ev.com\/wp-content\/uploads\/2020\/08\/IMG_0861-147x110.jpg\" alt=\"Hilfe, es brennt im Stall 03\" width=\"147\" height=\"110\"><\/a>Zum Gl\u00fcck ist das oben geschilderte Szenario gut ausgegangen, denn es handelte sich lediglich um eine \u00dcbung des L\u00f6schzuges 710 der freiwilligen Feuerwehr Duisburg, initiiert durch Zugf\u00fchrer Alexander Spitzer. Da eine \u00dcbung den Ernstfall simuliert, ist es wichtig, diesen so realit\u00e4tsnah wie m\u00f6glich zu gestalten, weshalb man mit 4 Fahrzeugen unter Einsatz von Blaulicht und mit 17 Feuerwehrleuten anr\u00fcckte. Begleitet wurde der Einsatz au\u00dferdem durch ein Mitglied der Berufsfeuerwehr Duisburg. Direkt zu Anfang wurden die Retter schon vor die kniffelige Aufgabe gestellt den Brandherd zu erreichen, da der Stall in einer schmalen und schwer zug\u00e4nglichen Sackgasse liegt. Ebenso ist der Hof eher ein Nadel\u00f6hr, welches aber zum Gl\u00fcck von zwei Seiten her <a href=\"https:\/\/www.cpv-ev.com\/wp-content\/uploads\/2020\/08\/IMG_0859-scaled-e1602756167780.jpg\"><img loading=\"lazy\" decoding=\"async\" class=\"alignright size-thumbnail wp-image-25056\" src=\"https:\/\/www.cpv-ev.com\/wp-content\/uploads\/2020\/08\/IMG_0859-147x110.jpg\" alt=\"Hilfe, es brennt im Stall 02\" width=\"147\" height=\"110\"><\/a>angefahren werden kann. Umgehend wurde die Lage sondiert, Schl\u00e4uche zur L\u00f6schwasserversorgung ausgelegt und volle Schutzmontur angelegt, um die vermissten Personen aus der verrauchten Scheune zu bergen. Dabei wurde schnell klar, dass jeder Handgriff sitzen muss und eine reibungslose Kommunikation von N\u00f6ten ist, um optimal handlungsf\u00e4hig zu sein und in k\u00fcrzester Zeit agieren zu k\u00f6nnen. F\u00fcr uns auch gut zu wissen ist, dass wir an unserem Stall zwar \u00fcber einen Hydranten in unmittelbarer N\u00e4he verf\u00fcgen, der aber leider nicht dem neuesten Standard entspricht, so dass im Ernstfall auf jeden Fall auf das Wasser aus den L\u00f6schfahrzeugen zur\u00fcckgegriffen werden muss.<\/p>\n<p><\/p>\n<p style=\"margin-top: 38px;\">\n<\/p><p>Nach erfolgreicher Rettung wurde der Einsatz besprochen und analysiert, um Schwachstellen umgehend beheben und Abl\u00e4ufe optimieren zu k\u00f6nnen, damit im Ernstfall ein reibungsloser Ablauf gegeben ist.<\/p>\n<p><\/p>\n<p style=\"margin-top: 38px;\">\n<\/p><p><a href=\"https:\/\/www.cpv-ev.com\/wp-content\/uploads\/2020\/08\/3c024f73-ed20-4633-a64b-2824068a6e94-e1602756337742.jpg\"><img loading=\"lazy\" decoding=\"async\" class=\"alignleft size-thumbnail wp-image-25060\" src=\"https:\/\/www.cpv-ev.com\/wp-content\/uploads\/2020\/08\/3c024f73-ed20-4633-a64b-2824068a6e94-196x110.jpg\" alt=\"Hilfe, es brennt im Stall 04\" width=\"196\" height=\"110\"><\/a>Im Anschluss hielt Bettina H\u00e4rtel, die P\u00e4chterin des Hofes, noch einen Vortrag \u00fcber den Umgang mit dem Fluchttier Pferd. Dabei wurde sie von ihrer Connemarastute Brucherhof Pamina <a href=\"https:\/\/www.cpv-ev.com\/wp-content\/uploads\/2020\/08\/IMG_0874-scaled-e1602756360120.jpg\"><img loading=\"lazy\" decoding=\"async\" class=\"alignright size-thumbnail wp-image-25061\" src=\"https:\/\/www.cpv-ev.com\/wp-content\/uploads\/2020\/08\/IMG_0874-147x110.jpg\" alt=\"Hilfe, es brennt im Stall 05\" width=\"147\" height=\"110\"><\/a>unterst\u00fctzt, die als lebendiges Anschauungsobjekt diente. In der K\u00fcrze der Zeit wurden den Feuerwehrleuten wertvolle Tipps \u00fcber den Umgang und die Grundlagen der Kommunikation mit dem Pferd in Stresssituationen vermittelt. Einer der Feuerwehrleute zeigte sich spontan begeistert und nutzte die Zeit, um sich mit der Stute bekannt zu machen und im Umgang zu \u00fcben.<\/p>\n<p><\/p>\n<p style=\"margin-top: 38px;\">\n<\/p><p>Zu guter Letzt konnten sich die Einsatzkr\u00e4fte noch mit belegten Br\u00f6tchen und k\u00fchlen Getr\u00e4nken st\u00e4rken, bevor es an die R\u00fcckfahrt zur Wache ging.<\/p>\n<p><\/p>\n<p style=\"margin-top: 38px;\">\n<\/p><p>Ich m\u00f6chte mich ganz herzlich bei der freiwilligen Feuerwehr Duisburg f\u00fcr ihren Einsatz bedanken und kann jedem Stallbesitzer nur raten, solch eine Gelegenheit zu nutzen. Es ist eine Win-Win-Situation f\u00fcr beide Seiten.<\/p>\n<p><\/p>\n<p style=\"margin-top: 38px;\">\n<\/p><p><a href=\"https:\/\/www.cpv-ev.com\/wp-content\/uploads\/2020\/08\/Bettina-Mundschutz-2-e1602756466999.jpg\"><img loading=\"lazy\" decoding=\"async\" class=\"size-thumbnail wp-image-25065 aligncenter\" src=\"https:\/\/www.cpv-ev.com\/wp-content\/uploads\/2020\/08\/Bettina-Mundschutz-2-147x110.jpg\" alt=\"Hilfe, es brennt im Stall 06\" width=\"147\" height=\"110\"><\/a><\/p>","protected":false},"excerpt":{"rendered":"<p>&nbsp; Der Alptraum jedes Pferdebesitzers &nbsp;<\/p>\n","protected":false},"author":5,"featured_media":0,"comment_status":"closed","ping_status":"closed","sticky":false,"template":"","format":"standard","meta":{"ngg_post_thumbnail":0,"footnotes":""},"categories":[1,39],"tags":[],"class_list":["post-24751","post","type-post","status-publish","format-standard","hentry","category-allgemein","category-news-2020"],"_links":{"self":[{"href":"https:\/\/www.cpv-ev.com\/index.php?rest_route=\/wp\/v2\/posts\/24751","targetHints":{"allow":["GET"]}}],"collection":[{"href":"https:\/\/www.cpv-ev.com\/index.php?rest_route=\/wp\/v2\/posts"}],"about":[{"href":"https:\/\/www.cpv-ev.com\/index.php?rest_route=\/wp\/v2\/types\/post"}],"author":[{"embeddable":true,"href":"https:\/\/www.cpv-ev.com\/index.php?rest_route=\/wp\/v2\/users\/5"}],"replies":[{"embeddable":true,"href":"https:\/\/www.cpv-ev.com\/index.php?rest_route=%2Fwp%2Fv2%2Fcomments&post=24751"}],"version-history":[{"count":0,"href":"https:\/\/www.cpv-ev.com\/index.php?rest_route=\/wp\/v2\/posts\/24751\/revisions"}],"wp:attachment":[{"href":"https:\/\/www.cpv-ev.com\/index.php?rest_route=%2Fwp%2Fv2%2Fmedia&parent=24751"}],"wp:term":[{"taxonomy":"category","embeddable":true,"href":"https:\/\/www.cpv-ev.com\/index.php?rest_route=%2Fwp%2Fv2%2Fcategories&post=24751"},{"taxonomy":"post_tag","embeddable":true,"href":"https:\/\/www.cpv-ev.com\/index.php?rest_route=%2Fwp%2Fv2%2Ftags&post=24751"}],"curies":[{"name":"wp","href":"https:\/\/api.w.org\/{rel}","templated":true}]}}