{"id":23194,"date":"2019-07-27T12:18:14","date_gmt":"2019-07-27T10:18:14","guid":{"rendered":"https:\/\/www.cpv-ev.com\/?p=23194"},"modified":"2019-11-23T11:13:56","modified_gmt":"2019-11-23T09:13:56","slug":"50-jahre-gestuet-wirthsmuehle-das-interview","status":"publish","type":"post","link":"https:\/\/www.cpv-ev.com\/?p=23194","title":{"rendered":"50 Jahre Gest\u00fct Wirthsm\u00fchle &#8211; das Interview"},"content":{"rendered":"<p>&nbsp;<\/p>\n<p>Ein Interview von Melli Regnet mit Angelika Wolf-Neuhaus<\/p>\n<p>&nbsp;<\/p>\n<p><!--more--><\/p>\n<p>&nbsp;<\/p>\n<p>\u2022&nbsp;Wie seid ihr damals zur Wirthsm\u00fchle gekommen?<\/p>\n<p><a href=\"https:\/\/www.cpv-ev.com\/wp-content\/uploads\/2019\/07\/Wirthsm\u00fchle-Haus.jpg\"><img loading=\"lazy\" decoding=\"async\" class=\"alignright size-thumbnail wp-image-23328\" src=\"https:\/\/www.cpv-ev.com\/wp-content\/uploads\/2019\/07\/Wirthsm\u00fchle-Haus-144x110.jpg\" alt=\"\" width=\"144\" height=\"110\" srcset=\"https:\/\/www.cpv-ev.com\/wp-content\/uploads\/2019\/07\/Wirthsm\u00fchle-Haus-144x110.jpg 144w, https:\/\/www.cpv-ev.com\/wp-content\/uploads\/2019\/07\/Wirthsm\u00fchle-Haus-300x229.jpg 300w, https:\/\/www.cpv-ev.com\/wp-content\/uploads\/2019\/07\/Wirthsm\u00fchle-Haus-500x382.jpg 500w, https:\/\/www.cpv-ev.com\/wp-content\/uploads\/2019\/07\/Wirthsm\u00fchle-Haus.jpg 737w\" sizes=\"auto, (max-width: 144px) 100vw, 144px\" \/><\/a>Meinem Vater hat man die M\u00fchle mit ca. 20 ha Land im Jahre 1967 zum Kauf angeboten.<span class=\"Apple-converted-space\">&nbsp; <\/span>Die Geb\u00e4ude waren eine Ruine, das Land lag brach. Mein Vater nahm das Wagnis auf sich. Viele Jahre Arbeit lagen vor uns. Zwei Jahre sp\u00e4ter wurden Ponys auf Wunsch meines Bruders und mir angeschafft. So begann mein Vater mit der Zucht von Isl\u00e4ndern und Connemaras. Nach einem Unfall 1989 konnte er leider nur noch in unserem Haus in Wendelstein leben. So sprang ich ein, und blieb h\u00e4ngen. Mein Schicksal war besiegelt, den Weg zur\u00fcck nach M\u00fcnchen fand ich nicht mehr.<\/p>\n<p>&nbsp;<\/p>\n<p>\u2022 Was waren eure ersten Ponys?<\/p>\n<p>Unsere ersten waren drei Isl\u00e4nder und ein Connemarafohlen namens Fairy (v. Lotus) vom Gest\u00fct Rehberg, Franz Str\u00fcbbe.<\/p>\n<p>&nbsp;<\/p>\n<p>\u2022&nbsp;Wie seid ihr auf die Idee gekommen Isl\u00e4nder und Connemaras zu z\u00fcchten?<\/p>\n<p>Bei den Isl\u00e4ndern kauften wir 2 Stuten und einen Junghengst, da lag die Idee schon sehr nah, Skolli wurde damals unser erster Islandhengst. Mein Bruder war \u00fcber 1,90 m, deshalb meinte mein Vater, ein etwas gr\u00f6\u00dferes Pferd w\u00e4re doch passender. Aber Fairy blieb leider auch etwas kleiner. Und mit Fairy mussten wir nat\u00fcrlich auch z\u00fcchten. Wir haben heute noch eine Enkelin WM Fanella von ihr in der Zucht, die Linie haben wir uns erhalten.<\/p>\n<p>Hier sprechen wir zwar von den Connemaras, aber mit unserer Islandpferdezucht bin ich durchaus zufrieden. Zahlreiche gute Turnier-ergebnisse, Prud von der Wirthsm\u00fchle, Deutsche Meisterin im Viergang, Slapi, ihr Vollbruder, bestes bayerisch gezogenes Islandpferd, best\u00e4tigen die Qualit\u00e4t.<\/p>\n<p>&nbsp;<\/p>\n<p>\u2022 Dein erster Hengst war Diamond Shamrock, wie bist Du auf ihn gekommen?<\/p>\n<p><a href=\"https:\/\/www.cpv-ev.com\/wp-content\/uploads\/2019\/07\/Diamond-Shamrock.jpg\"><img loading=\"lazy\" decoding=\"async\" class=\"alignright size-thumbnail wp-image-23332\" src=\"https:\/\/www.cpv-ev.com\/wp-content\/uploads\/2019\/07\/Diamond-Shamrock-142x110.jpg\" alt=\"\" width=\"142\" height=\"110\" srcset=\"https:\/\/www.cpv-ev.com\/wp-content\/uploads\/2019\/07\/Diamond-Shamrock-142x110.jpg 142w, https:\/\/www.cpv-ev.com\/wp-content\/uploads\/2019\/07\/Diamond-Shamrock-300x233.jpg 300w, https:\/\/www.cpv-ev.com\/wp-content\/uploads\/2019\/07\/Diamond-Shamrock-500x388.jpg 500w, https:\/\/www.cpv-ev.com\/wp-content\/uploads\/2019\/07\/Diamond-Shamrock.jpg 750w\" sizes=\"auto, (max-width: 142px) 100vw, 142px\" \/><\/a>Ja, das ist so eine Geschichte. Sham stammt von Familie D\u00f6rfler, die sehr erfolgreich mit ihrer Connemara Zucht war. Schon mein Vater benutzte immer die Hengste dieses Gest\u00fctes. So bin auch ich mit den damaligen Stuten nach Aichen gefahren. 1992 lieh mir Adolf D\u00f6rfler den Junghengst Diamond Shamrock. Prompt verliebte ich mich in diesen Hengst. Doch Sham mu\u00dfte wieder zur\u00fcck in seine alte Heimat. Doch ich gab nicht auf, und bald verkaufte mir Adolf den Hengst. Er zog wieder bei uns ein.<\/p>\n<p>Auch konnte ich mir immer Rat holen bei D\u00f6rflers. Viele Gesichtspunkte und Anregungen habe ich von der Familie \u00fcbernommen.<\/p>\n<p>&nbsp;<\/p>\n<p>\u2022 Was hat Sham in deiner Zucht ver\u00e4ndert?<\/p>\n<p>Er hat durchwegs seinen guten Charakter vererbt, d.h. nicht, dass die Nachkommen keine Leistungsbereitschaft zeigen, ganz im Gegen-teil. Sham hatte bei seiner Leistungspr\u00fcfung sowohl in Charakter und Leistungsbereitschaft eine 10. Ebenso sein Gangverm\u00f6gen und sein Exterieur haben uns immer \u00fcberzeugt. Aber das tollste war seine Liebensw\u00fcrdigkeit. Immer passte er auf seine Menschen auf, und nie mu\u00dfte man Angst haben.<\/p>\n<p>Die Fohlen waren durchwegs \u00fcberdurchschnittlich und best\u00e4tigten uns auf unserem Weg.<\/p>\n<p>&nbsp;<\/p>\n<p>\u2022 Wie hast Du Dich f\u00fcr Deine Zuchtstuten entschieden?<\/p>\n<p>Damals waren die Abstammungen hier in Bayern sehr eng. Wir wollten neues Blut in der Zucht. Klaus und ich zogen los: nach Irland, England, D\u00e4nemark. F\u00fcndig wurden wir in England und D\u00e4nemark, und brachten jeweils 3 Stuten mit: sch\u00f6ne Stuten mit guten Bewegungen und interessanten Pedigrees.<\/p>\n<p>&nbsp;<\/p>\n<p>\u2022 Die Anpaarung der d\u00e4nischen Stute Norlunds Primrose mit Sham war ja besonders &#8230;<\/p>\n<p>Ja, Rosi, (v. Laerkens Cascade Dawn) hat sich als absoluter Gl\u00fccksfall erwiesen. Sie bringt uns 2019 das 17. Fohlen, ist immer noch frisch und munter, und jedes ihrer Fohlen war sehr gut. Sie brachte den in D\u00e4nemark stehenden, erfolgreichen Hengst WM Delaney&#8217;s. In Holland steht WM Polly, Siegerin der Stuten auf der Connemaraschau Wickrath 2016, ebenso war sie Reserve Champion \u00fcber alle Klassen. Auch in \u00d6sterreich stehen Nachkommen von Rosi und werden als Freizeitponys eingesetzt.<span class=\"Apple-converted-space\">&nbsp;<\/span><\/p>\n<p><a href=\"https:\/\/www.cpv-ev.com\/wp-content\/uploads\/2019\/07\/Wirthsm\u00fchle-Princess-Merida-k.jpg\"><img loading=\"lazy\" decoding=\"async\" class=\"alignright size-thumbnail wp-image-23329\" src=\"https:\/\/www.cpv-ev.com\/wp-content\/uploads\/2019\/07\/Wirthsm\u00fchle-Princess-Merida-k-147x110.jpg\" alt=\"\" width=\"147\" height=\"110\" srcset=\"https:\/\/www.cpv-ev.com\/wp-content\/uploads\/2019\/07\/Wirthsm\u00fchle-Princess-Merida-k-147x110.jpg 147w, https:\/\/www.cpv-ev.com\/wp-content\/uploads\/2019\/07\/Wirthsm\u00fchle-Princess-Merida-k-300x225.jpg 300w, https:\/\/www.cpv-ev.com\/wp-content\/uploads\/2019\/07\/Wirthsm\u00fchle-Princess-Merida-k-500x375.jpg 500w, https:\/\/www.cpv-ev.com\/wp-content\/uploads\/2019\/07\/Wirthsm\u00fchle-Princess-Merida-k-146x110.jpg 146w, https:\/\/www.cpv-ev.com\/wp-content\/uploads\/2019\/07\/Wirthsm\u00fchle-Princess-Merida-k.jpg 750w\" sizes=\"auto, (max-width: 147px) 100vw, 147px\" \/><\/a>Nicht zuletzt unsere WM Princess Merida wurde Siegerin der Landesschau 2018, und WM Pretty Woman, die beide heuer erfolgreich ihre Leistungspr\u00fcfung abgelegt haben, stammen aus dieser Anpaarung.<\/p>\n<p>Leider gehen wenige der verkauften Stuten in die Zucht. Ich bin sehr froh, dass ich diese 2 Stuten aus der Kombination behalten habe. Und last but not least ist Rosi Elitestute.<\/p>\n<p>&nbsp;<\/p>\n<p>&nbsp;\u2022 More than a Lass war die erste Stute, die Du zugekauft hast, sie war recht erfolgreich &#8230;<\/p>\n<p>Ja, Lass v. Skatholm Ladykiller ist jetzt seit \u00fcber 20 Jahren bei mir. Meine Stuten bleiben immer auf dem Hof und verbringen auch die letzten Jahre hier. Sie sind in der Herde mit allen verbunden, zudem bin ich ihnen dankbar f\u00fcr ihre Leistung. Lass hat mir viele Goldfohlen gebracht, z. B. wurde WM Destiny Jugendchampion. Im Jahr 2000 gewann Lass das Zentrale Landwirtschafts Fest (ZLF), auch ist sie Elitestute. Zudem war sie stets super zu reiten und eine zuverl\u00e4ssige Lehrerin f\u00fcr unsere Reitsch\u00fcler. Und sie ist noch immer eine Sch\u00f6nheit.<\/p>\n<p>&nbsp;<\/p>\n<p>\u2022 Es gibt verschiedene Typen Connemaras &#8211; was ist Deine Richtung?<\/p>\n<p>Es gibt verschiedene Linien. Ich bevorzuge die sportlichen Connemaras mit wirklich guten Bewegungen und typvollem Exterieur. Das ist mein Zuchtziel, denn nur auf Pferden mit guten Bewegungen kann man auch gut sitzen.<\/p>\n<p>Aber man muss sich immer im Klaren sein, dass das Connemara Pony nicht durchgez\u00fcchtet ist und noch immer sehr streut und auch alte Typen durchschlagen k\u00f6nnen.<\/p>\n<p>&nbsp;<\/p>\n<p>\u2022 Du hast viele Auszeichnungen bekommen, auf welche bist Du besonders stolz?<\/p>\n<p><a href=\"https:\/\/www.cpv-ev.com\/wp-content\/uploads\/2019\/07\/Wirthsm\u00fchle-braune.jpg\"><img loading=\"lazy\" decoding=\"async\" class=\"alignright size-thumbnail wp-image-23326\" src=\"https:\/\/www.cpv-ev.com\/wp-content\/uploads\/2019\/07\/Wirthsm\u00fchle-braune-147x110.jpg\" alt=\"\" width=\"147\" height=\"110\" srcset=\"https:\/\/www.cpv-ev.com\/wp-content\/uploads\/2019\/07\/Wirthsm\u00fchle-braune-147x110.jpg 147w, https:\/\/www.cpv-ev.com\/wp-content\/uploads\/2019\/07\/Wirthsm\u00fchle-braune-300x225.jpg 300w, https:\/\/www.cpv-ev.com\/wp-content\/uploads\/2019\/07\/Wirthsm\u00fchle-braune-500x375.jpg 500w, https:\/\/www.cpv-ev.com\/wp-content\/uploads\/2019\/07\/Wirthsm\u00fchle-braune-146x110.jpg 146w, https:\/\/www.cpv-ev.com\/wp-content\/uploads\/2019\/07\/Wirthsm\u00fchle-braune.jpg 750w\" sizes=\"auto, (max-width: 147px) 100vw, 147px\" \/><\/a>Ach ja, welche? F\u00fcr WM<span class=\"Apple-converted-space\">&nbsp; <\/span>Finlass v. Hazy Marshall a.d. WM Fanella bekam ich die Z\u00fcchtermedaille in Gold. In der Sattelkammer h\u00e4ngen viele Urkunden und stehen viele Pokale, nat\u00fcrlich auch von den Erfolgen der Islandpferde. Aber ich glaube, die FN Medaille in Silber f\u00fcr den Sieger der Sportponys anl\u00e4\u00dflich der Fr\u00fchjahrsk\u00f6rung 2018 f\u00fcr WM Dark freut mich doch am meisten.<\/p>\n<p>&nbsp;<\/p>\n<p>\u2022 Du z\u00fcchtest jetzt seit 50 Jahren, was ist Dein Res\u00fcmee?<\/p>\n<p>Man sollte immer mit Pferden z\u00fcchten, die Eigenschaften haben, die dem Z\u00fcchter wichtig sind. Man sollte nat\u00fcrlich gute Hengste einsetzen, aber auch die Stuten sollten qualit\u00e4tvoll sein.<\/p>\n<p>Die Stuten m\u00fcssen nicht super gepr\u00fcft sein, aber die Eigenschaften besitzen, die dem Z\u00fcchter wichtig sind.<span class=\"Apple-converted-space\">&nbsp;<\/span><\/p>\n<p>Pferdezucht bedeutet auch Gl\u00fcck haben, es ist wie eine kleine Lotterie, und man wartet immer auf den Hauptgewinn.<\/p>\n<p>Den eigenen Ideen, die man in der Zucht verwirklichen m\u00f6chte, treu bleiben, und nicht den g\u00e4ngigen, popul\u00e4ren Zielen nacheifern. Trotzdem immer auch sein Ideal nicht aus den Augen verlieren.<span class=\"Apple-converted-space\">&nbsp;<\/span><\/p>\n<p>&nbsp;<\/p>\n<p>\u2022 Du hattest mit Dark Diamond 2018 faktisch einen Hauptgewinn &#8230;<\/p>\n<p><a href=\"https:\/\/www.cpv-ev.com\/wp-content\/uploads\/2019\/07\/Wirthsm\u00fchle-Dark-Diamond-K.jpg\"><img loading=\"lazy\" decoding=\"async\" class=\"alignright size-thumbnail wp-image-23327\" src=\"https:\/\/www.cpv-ev.com\/wp-content\/uploads\/2019\/07\/Wirthsm\u00fchle-Dark-Diamond-K-147x110.jpg\" alt=\"\" width=\"147\" height=\"110\" srcset=\"https:\/\/www.cpv-ev.com\/wp-content\/uploads\/2019\/07\/Wirthsm\u00fchle-Dark-Diamond-K-147x110.jpg 147w, https:\/\/www.cpv-ev.com\/wp-content\/uploads\/2019\/07\/Wirthsm\u00fchle-Dark-Diamond-K-300x225.jpg 300w, https:\/\/www.cpv-ev.com\/wp-content\/uploads\/2019\/07\/Wirthsm\u00fchle-Dark-Diamond-K-500x375.jpg 500w, https:\/\/www.cpv-ev.com\/wp-content\/uploads\/2019\/07\/Wirthsm\u00fchle-Dark-Diamond-K-146x110.jpg 146w, https:\/\/www.cpv-ev.com\/wp-content\/uploads\/2019\/07\/Wirthsm\u00fchle-Dark-Diamond-K.jpg 750w\" sizes=\"auto, (max-width: 147px) 100vw, 147px\" \/><\/a>Ja, das stimmt. Er ist genau das, was ich mir immer erhofft hatte. Viele gute habe ich verkauft und wartete auf ein f\u00fcr mich optimales Pferd. Einen super Nachfolger f\u00fcr Sham. Als Dark damals geboren war, und ich ihn im Stall sah, wusste ich sofort: das ist unser neuer Hengst. Er war schon so lebendig, hopste durch die Box und war mir gegen\u00fcber sehr offen.<span class=\"Apple-converted-space\">&nbsp;<\/span><\/p>\n<p>A Star is born, dachte ich mir. Als ich wieder zur\u00fcck ins Bett ging, sagte ich zu meinem Mann Klaus: &#8222;Da unten ist unser neuer Hengst!&#8220; Und das best\u00e4tigte Dark uns w\u00e4hrend seiner Jungpferdezeit immer wieder, letztendlich auch bei seiner K\u00f6rung.<\/p>\n<p>Das wichtigste ist ein guter Charakter. Ich m\u00f6chte Pferde haben, die immer positiv sind und ihrem Reiter gefallen wollen, also leicht zu trainieren sind. Dark hat seinen Trainer immer gefragt: &#8222;Was kann ich f\u00fcr Dich tun?&#8220; Stets ist er freudig bei der Arbeit.<\/p>\n<p>Dark ist zudem einfach ein wundersch\u00f6nes Pferd, mit einer sehr guten Bewegungsmechanik und absolut harmonischem Geb\u00e4ude. Jetzt komm ich ins schw\u00e4rmen &#8230;<span class=\"Apple-converted-space\"><br \/>\n<\/span><\/p>\n<p>&nbsp;<\/p>\n<p>\u2022 Deine Nachzucht ist auch immer sehr gut &#8230;<\/p>\n<p>Ja, die meisten vereinen wirklich das, was ich mir so vorstelle: guten Charakter, gute G\u00e4nge und ansprechenden K\u00f6rperbau. Die Fohlen schau ich mir die ersten zwei Wochen <a href=\"https:\/\/www.cpv-ev.com\/wp-content\/uploads\/2019\/07\/Wirthsm\u00fchle-Stute-u-Fohlen.jpg\"><img loading=\"lazy\" decoding=\"async\" class=\"alignright size-thumbnail wp-image-23330\" src=\"https:\/\/www.cpv-ev.com\/wp-content\/uploads\/2019\/07\/Wirthsm\u00fchle-Stute-u-Fohlen-147x110.jpg\" alt=\"\" width=\"147\" height=\"110\" srcset=\"https:\/\/www.cpv-ev.com\/wp-content\/uploads\/2019\/07\/Wirthsm\u00fchle-Stute-u-Fohlen-147x110.jpg 147w, https:\/\/www.cpv-ev.com\/wp-content\/uploads\/2019\/07\/Wirthsm\u00fchle-Stute-u-Fohlen-300x225.jpg 300w, https:\/\/www.cpv-ev.com\/wp-content\/uploads\/2019\/07\/Wirthsm\u00fchle-Stute-u-Fohlen-500x375.jpg 500w, https:\/\/www.cpv-ev.com\/wp-content\/uploads\/2019\/07\/Wirthsm\u00fchle-Stute-u-Fohlen-146x110.jpg 146w, https:\/\/www.cpv-ev.com\/wp-content\/uploads\/2019\/07\/Wirthsm\u00fchle-Stute-u-Fohlen.jpg 750w\" sizes=\"auto, (max-width: 147px) 100vw, 147px\" \/><\/a>immer genau an, dann wei\u00df ich meistens schon, wie sich das Fohlen entwickeln wird. Aber man mu\u00df immer selbst wissen was man m\u00f6chte, die Pferde immer und immer wieder ansehen, und seine Ziele nicht aus den Augen verlieren, mit einem Wort: die Pferde kritisch betrachten.<\/p>\n<p>&nbsp;<\/p>\n<p>\u2022 Und in der Zukunft?<\/p>\n<p>Tja, noch ein paar Jahre z\u00fcchten, hoffe ich und dann wird man sehen. In unseren Jungpferde-Herden stehen noch einige vielversprechende Youngster, und ich freue mich auf deren Entwicklung.<\/p>\n<p>Jetzt freue ich mich erst einmal auf die ersten Fohlen von Dark!<\/p>\n<p>&nbsp;<\/p>\n<p>&nbsp;<\/p>\n<p>&nbsp;<\/p>\n","protected":false},"excerpt":{"rendered":"<p>&nbsp; Ein Interview von Melli Regnet mit Angelika Wolf-Neuhaus &nbsp;<\/p>\n","protected":false},"author":5,"featured_media":0,"comment_status":"closed","ping_status":"closed","sticky":false,"template":"","format":"standard","meta":{"ngg_post_thumbnail":0,"footnotes":""},"categories":[38,8],"tags":[],"class_list":["post-23194","post","type-post","status-publish","format-standard","hentry","category-news-2019","category-zucht-veranstaltungen"],"_links":{"self":[{"href":"https:\/\/www.cpv-ev.com\/index.php?rest_route=\/wp\/v2\/posts\/23194","targetHints":{"allow":["GET"]}}],"collection":[{"href":"https:\/\/www.cpv-ev.com\/index.php?rest_route=\/wp\/v2\/posts"}],"about":[{"href":"https:\/\/www.cpv-ev.com\/index.php?rest_route=\/wp\/v2\/types\/post"}],"author":[{"embeddable":true,"href":"https:\/\/www.cpv-ev.com\/index.php?rest_route=\/wp\/v2\/users\/5"}],"replies":[{"embeddable":true,"href":"https:\/\/www.cpv-ev.com\/index.php?rest_route=%2Fwp%2Fv2%2Fcomments&post=23194"}],"version-history":[{"count":0,"href":"https:\/\/www.cpv-ev.com\/index.php?rest_route=\/wp\/v2\/posts\/23194\/revisions"}],"wp:attachment":[{"href":"https:\/\/www.cpv-ev.com\/index.php?rest_route=%2Fwp%2Fv2%2Fmedia&parent=23194"}],"wp:term":[{"taxonomy":"category","embeddable":true,"href":"https:\/\/www.cpv-ev.com\/index.php?rest_route=%2Fwp%2Fv2%2Fcategories&post=23194"},{"taxonomy":"post_tag","embeddable":true,"href":"https:\/\/www.cpv-ev.com\/index.php?rest_route=%2Fwp%2Fv2%2Ftags&post=23194"}],"curies":[{"name":"wp","href":"https:\/\/api.w.org\/{rel}","templated":true}]}}