{"id":2289,"date":"2011-09-15T10:54:58","date_gmt":"2011-09-15T08:54:58","guid":{"rendered":"https:\/\/www.cpv-ev.com\/?p=2289"},"modified":"2012-07-27T10:59:38","modified_gmt":"2012-07-27T08:59:38","slug":"15-09-2011-elitestutenschau-wickrath","status":"publish","type":"post","link":"https:\/\/www.cpv-ev.com\/?p=2289","title":{"rendered":"15.09.2011 &#8211; Elitestutenschau Wickrath"},"content":{"rendered":"<p><strong>Isabeau S erh\u00e4lt den Titel &#8222;Staatspr\u00e4mienstute&#8220;<\/strong><\/p>\n<p><!--more--><\/p>\n<p>&nbsp;<\/p>\n<p>Auf der diesj\u00e4hrigen Elitestutenschau in Wickrath erhielt die Braunschimmelstute Isabeau S von Kinley S aus der Ilka S von Sir Henry im Besitz von Martina Leven, K\u00f6nigswinter, den begehrten 1a Preis und wurde mit der Staatspr\u00e4mie ausgezeichnet.<\/p>\n<p>&nbsp;<\/p>\n<p><img loading=\"lazy\" decoding=\"async\" class=\"alignnone size-thumbnail wp-image-2290\" title=\"Isabeau S\" src=\"https:\/\/www.cpv-ev.com\/wp-content\/uploads\/2012\/07\/Isabeau-164x110.jpg\" alt=\"\" width=\"164\" height=\"110\" srcset=\"https:\/\/www.cpv-ev.com\/wp-content\/uploads\/2012\/07\/Isabeau-164x110.jpg 164w, https:\/\/www.cpv-ev.com\/wp-content\/uploads\/2012\/07\/Isabeau-300x200.jpg 300w, https:\/\/www.cpv-ev.com\/wp-content\/uploads\/2012\/07\/Isabeau-500x333.jpg 500w, https:\/\/www.cpv-ev.com\/wp-content\/uploads\/2012\/07\/Isabeau.jpg 680w\" sizes=\"auto, (max-width: 164px) 100vw, 164px\" \/>\u00a0 \u00a0<img loading=\"lazy\" decoding=\"async\" class=\"alignnone size-thumbnail wp-image-2291\" title=\"Isabeau S\" src=\"https:\/\/www.cpv-ev.com\/wp-content\/uploads\/2012\/07\/Isabeau1-164x110.jpg\" alt=\"\" width=\"164\" height=\"110\" srcset=\"https:\/\/www.cpv-ev.com\/wp-content\/uploads\/2012\/07\/Isabeau1-164x110.jpg 164w, https:\/\/www.cpv-ev.com\/wp-content\/uploads\/2012\/07\/Isabeau1-300x200.jpg 300w, https:\/\/www.cpv-ev.com\/wp-content\/uploads\/2012\/07\/Isabeau1-500x333.jpg 500w, https:\/\/www.cpv-ev.com\/wp-content\/uploads\/2012\/07\/Isabeau1.jpg 680w\" sizes=\"auto, (max-width: 164px) 100vw, 164px\" \/>\u00a0 \u00a0<img loading=\"lazy\" decoding=\"async\" class=\"alignnone size-thumbnail wp-image-2292\" title=\"Isabeau S\" src=\"https:\/\/www.cpv-ev.com\/wp-content\/uploads\/2012\/07\/Isabeau2-164x110.jpg\" alt=\"\" width=\"164\" height=\"110\" srcset=\"https:\/\/www.cpv-ev.com\/wp-content\/uploads\/2012\/07\/Isabeau2-164x110.jpg 164w, https:\/\/www.cpv-ev.com\/wp-content\/uploads\/2012\/07\/Isabeau2-300x200.jpg 300w, https:\/\/www.cpv-ev.com\/wp-content\/uploads\/2012\/07\/Isabeau2-500x333.jpg 500w, https:\/\/www.cpv-ev.com\/wp-content\/uploads\/2012\/07\/Isabeau2.jpg 680w\" sizes=\"auto, (max-width: 164px) 100vw, 164px\" \/>\u00a0 \u00a0<img loading=\"lazy\" decoding=\"async\" class=\"alignnone size-thumbnail wp-image-2293\" title=\"Isabeau S\" src=\"https:\/\/www.cpv-ev.com\/wp-content\/uploads\/2012\/07\/Isabeau3-164x110.jpg\" alt=\"\" width=\"164\" height=\"110\" srcset=\"https:\/\/www.cpv-ev.com\/wp-content\/uploads\/2012\/07\/Isabeau3-164x110.jpg 164w, https:\/\/www.cpv-ev.com\/wp-content\/uploads\/2012\/07\/Isabeau3-300x200.jpg 300w, https:\/\/www.cpv-ev.com\/wp-content\/uploads\/2012\/07\/Isabeau3-500x333.jpg 500w, https:\/\/www.cpv-ev.com\/wp-content\/uploads\/2012\/07\/Isabeau3.jpg 680w\" sizes=\"auto, (max-width: 164px) 100vw, 164px\" \/>\u00a0 \u00a0<img loading=\"lazy\" decoding=\"async\" class=\"alignnone size-thumbnail wp-image-2294\" title=\"Isabeau S\" src=\"https:\/\/www.cpv-ev.com\/wp-content\/uploads\/2012\/07\/Isabeau4-164x110.jpg\" alt=\"\" width=\"164\" height=\"110\" srcset=\"https:\/\/www.cpv-ev.com\/wp-content\/uploads\/2012\/07\/Isabeau4-164x110.jpg 164w, https:\/\/www.cpv-ev.com\/wp-content\/uploads\/2012\/07\/Isabeau4-300x200.jpg 300w, https:\/\/www.cpv-ev.com\/wp-content\/uploads\/2012\/07\/Isabeau4-500x333.jpg 500w, https:\/\/www.cpv-ev.com\/wp-content\/uploads\/2012\/07\/Isabeau4.jpg 680w\" sizes=\"auto, (max-width: 164px) 100vw, 164px\" \/><\/p>\n<p>&nbsp;<\/p>\n<p>Herzliche Gl\u00fcckw\u00fcnsche an ihre Z\u00fcchterin Hella Spie\u00df und Martina Leven.<\/p>\n<p>&nbsp;<\/p>\n<p>Vielen Dank an Martina Ferfers f\u00fcr die sch\u00f6nen Bilder!<\/p>\n","protected":false},"excerpt":{"rendered":"<p>Isabeau S erh\u00e4lt den Titel &#8222;Staatspr\u00e4mienstute&#8220;<\/p>\n","protected":false},"author":1,"featured_media":0,"comment_status":"closed","ping_status":"closed","sticky":false,"template":"","format":"standard","meta":{"ngg_post_thumbnail":0,"footnotes":""},"categories":[5,8],"tags":[],"class_list":["post-2289","post","type-post","status-publish","format-standard","hentry","category-news-2011","category-zucht-veranstaltungen"],"_links":{"self":[{"href":"https:\/\/www.cpv-ev.com\/index.php?rest_route=\/wp\/v2\/posts\/2289","targetHints":{"allow":["GET"]}}],"collection":[{"href":"https:\/\/www.cpv-ev.com\/index.php?rest_route=\/wp\/v2\/posts"}],"about":[{"href":"https:\/\/www.cpv-ev.com\/index.php?rest_route=\/wp\/v2\/types\/post"}],"author":[{"embeddable":true,"href":"https:\/\/www.cpv-ev.com\/index.php?rest_route=\/wp\/v2\/users\/1"}],"replies":[{"embeddable":true,"href":"https:\/\/www.cpv-ev.com\/index.php?rest_route=%2Fwp%2Fv2%2Fcomments&post=2289"}],"version-history":[{"count":0,"href":"https:\/\/www.cpv-ev.com\/index.php?rest_route=\/wp\/v2\/posts\/2289\/revisions"}],"wp:attachment":[{"href":"https:\/\/www.cpv-ev.com\/index.php?rest_route=%2Fwp%2Fv2%2Fmedia&parent=2289"}],"wp:term":[{"taxonomy":"category","embeddable":true,"href":"https:\/\/www.cpv-ev.com\/index.php?rest_route=%2Fwp%2Fv2%2Fcategories&post=2289"},{"taxonomy":"post_tag","embeddable":true,"href":"https:\/\/www.cpv-ev.com\/index.php?rest_route=%2Fwp%2Fv2%2Ftags&post=2289"}],"curies":[{"name":"wp","href":"https:\/\/api.w.org\/{rel}","templated":true}]}}