{"id":22487,"date":"2018-06-03T13:40:04","date_gmt":"2018-06-03T11:40:04","guid":{"rendered":"https:\/\/www.cpv-ev.com\/?p=22487"},"modified":"2018-11-02T20:31:38","modified_gmt":"2018-11-02T18:31:38","slug":"03-06-2018-einladung-zur-internationalen-connemara-pony-in-wickrath","status":"publish","type":"post","link":"https:\/\/www.cpv-ev.com\/?p=22487","title":{"rendered":"03.06.2018 &#8211; Einladung zur Internationalen Connemara Pony Schau in Wickrath"},"content":{"rendered":"<p>&nbsp;<\/p>\n<p><strong> Zucht- und Sportveranstaltung der CPV auf Schloss Wickrath &#8211; 28.06.2018 &#8211; Update<br \/>\n<\/strong><\/p>\n<p>&nbsp;<\/p>\n<p><strong>Society runs Breeding and Sports event on Castle Wickrath &#8211; 28.06.2018 &#8211; Update<br \/>\n<\/strong><\/p>\n<p>&nbsp;<\/p>\n<p><!--more--><\/p>\n<p>&nbsp;<\/p>\n<p>&nbsp;<\/p>\n<table cellspacing=\"0\" cellpadding=\"0\" border=\"1\">\n<tbody>\n<tr>\n<td style=\"text-align: justify;\" width=\"307\" valign=\"top\">Bitte verwenden Sie die Links zu Aus-schreibung und Nennformular:<\/td>\n<td width=\"50\" valign=\"top\">&nbsp;<\/td>\n<td style=\"text-align: justify;\" width=\"307\" valign=\"top\">Please use the following links for the invitation and entry form:<\/td>\n<\/tr>\n<\/tbody>\n<tbody>\n<tr>\n<td colspan=\"2\" width=\"307\" valign=\"top\"><img loading=\"lazy\" decoding=\"async\" src=\"https:\/\/www.cpv-ev.com\/wp-content\/uploads\/2012\/07\/trans240x10.gif\" alt=\"trans240x10\" width=\"240\" height=\"10\"><\/td>\n<\/tr>\n<\/tbody>\n<tbody>\n<tr>\n<td style=\"text-align: left;\" width=\"307\" valign=\"top\"><span style=\"text-decoration: underline;\"><a href=\"https:\/\/www.cpv-ev.com\/wp-content\/uploads\/2018\/06\/2018-Ausschreibung.pdf\" target=\"_blank\" rel=\"noopener noreferrer\"><strong>AUSSCHREIBUNG 2018<\/strong><\/a><\/span><\/td>\n<td width=\"50\" valign=\"top\">&nbsp;<\/td>\n<td style=\"text-align: left;\" width=\"307\" valign=\"top\"><span style=\"text-decoration: underline;\"><strong><a href=\"https:\/\/www.cpv-ev.com\/wp-content\/uploads\/2018\/06\/2018-Announcement.pdf\" target=\"_blank\" rel=\"noopener noreferrer\">ANNOUNCEMENT 2018<\/a><br \/>\n<\/strong><\/span><\/td>\n<\/tr>\n<tr>\n<td colspan=\"2\" width=\"307\" valign=\"top\"><img loading=\"lazy\" decoding=\"async\" src=\"https:\/\/www.cpv-ev.com\/wp-content\/uploads\/2012\/07\/trans240x10.gif\" alt=\"trans240x10\" width=\"240\" height=\"10\"><\/td>\n<\/tr>\n<tr>\n<td style=\"text-align: justify;\" width=\"307\" valign=\"top\">Erneut in der Veranstaltung ist der Freispringwettbewerb. Er ist offen f\u00fcr alle Ponys, die zuvor an einer In-Hand bzw. Reit- Klasse teilgenommen haben, Stuten mit Fohlen bei Fu\u00df sind nat\u00fcrlich ausgenommen. Die In-Hand Klassen finden bereits am Samstag statt, das Freispringen wird am Sonntag Morgen stattfinden.<\/td>\n<td width=\"50\" valign=\"top\">&nbsp;<\/td>\n<td width=\"307\" valign=\"top\">One big venue will be the loose jumping competition, open to all ponies that have already been presented in an in-hand or ridden class, except mares with foal at foot. The in-hand classes will take place on Saturday, the loose jumping is held on Sunday morning.<\/td>\n<\/tr>\n<tr>\n<td colspan=\"2\" width=\"307\" valign=\"top\"><img loading=\"lazy\" decoding=\"async\" src=\"https:\/\/www.cpv-ev.com\/wp-content\/uploads\/2012\/07\/trans240x10.gif\" alt=\"trans240x10\" width=\"240\" height=\"10\"><\/td>\n<\/tr>\n<tr>\n<td style=\"text-align: left;\" width=\"307\" valign=\"top\"><span style=\"text-decoration: underline;\"><a href=\"https:\/\/www.cpv-ev.com\/wp-content\/uploads\/2018\/06\/2018-Anforderungen.pdf\" target=\"_blank\" rel=\"noopener noreferrer\"><strong>Details Sportklassen 2018<\/strong><\/a><\/span><\/td>\n<td width=\"50\" valign=\"top\">&nbsp;<\/td>\n<td style=\"text-align: left;\" width=\"307\" valign=\"top\"><span style=\"text-decoration: underline;\"><a href=\"https:\/\/www.cpv-ev.com\/wp-content\/uploads\/2018\/06\/2018-Anforderungen.pdf\" target=\"_blank\" rel=\"noopener noreferrer\"><strong>Coming soon<\/strong><\/a><\/span><\/td>\n<\/tr>\n<tr>\n<td colspan=\"2\" width=\"307\" valign=\"top\"><img loading=\"lazy\" decoding=\"async\" src=\"https:\/\/www.cpv-ev.com\/wp-content\/uploads\/2012\/07\/trans240x10.gif\" alt=\"trans240x10\" width=\"240\" height=\"10\"><\/td>\n<\/tr>\n<tr>\n<td style=\"text-align: justify;\" width=\"307\" valign=\"top\">Die Veranstaltung einer Zuchtschau in Ver-bindung mit sportlichen Wettbewerben ist bei der CPV f\u00fcr das erste Septemberwochen-ende in Vorbereitung.<\/td>\n<td width=\"50\" valign=\"top\">&nbsp;<\/td>\n<td width=\"307\" valign=\"top\">The first September weekend is fully booked with the Show of the CPV, combining in-hand classes and sport classes alike, planning is going ahead.<\/td>\n<\/tr>\n<tr>\n<td colspan=\"2\" width=\"307\" valign=\"top\"><img loading=\"lazy\" decoding=\"async\" src=\"https:\/\/www.cpv-ev.com\/wp-content\/uploads\/2012\/07\/trans240x10.gif\" alt=\"trans240x10\" width=\"240\" height=\"10\"><\/td>\n<\/tr>\n<tr>\n<td style=\"text-align: left;\" width=\"307\" valign=\"top\"><span style=\"text-decoration: underline;\"><a href=\"https:\/\/www.cpv-ev.com\/wp-content\/uploads\/2018\/06\/2018-Nennung-Zucht.pdf\" target=\"_blank\" rel=\"noopener noreferrer\"><strong>Nennformular Zucht 2018<\/strong><\/a><\/span><\/td>\n<td width=\"50\" valign=\"top\">&nbsp;<\/td>\n<td style=\"text-align: left;\" width=\"307\" valign=\"top\"><span style=\"text-decoration: underline;\"><a href=\"https:\/\/www.cpv-ev.com\/wp-content\/uploads\/2018\/06\/2018-Nomination-Breed-Show.pdf\" target=\"_blank\" rel=\"noopener noreferrer\"><strong>Nomination Breed Show 2018<\/strong><\/a><\/span><\/td>\n<\/tr>\n<tr>\n<td colspan=\"2\" width=\"307\" valign=\"top\"><img loading=\"lazy\" decoding=\"async\" src=\"https:\/\/www.cpv-ev.com\/wp-content\/uploads\/2012\/07\/trans240x10.gif\" alt=\"trans240x10\" width=\"240\" height=\"10\"><\/td>\n<\/tr>\n<tr>\n<td style=\"text-align: justify;\" width=\"307\" valign=\"top\">Verkehrstechnisch vor allem auch f\u00fcr inter-nationale Besucher und Teilnehmer attraktiv, wird die Anlage des Rheinischen Pferdestamm-buchs auf Schloss Wickrath in M\u00f6nchenglad-bach zum Austragungsort f\u00fcr Zucht- und Sportwettbewerbe. Schaubilder runden das vielf\u00e4ltige Programm ab.<\/td>\n<td width=\"50\" valign=\"top\">&nbsp;<\/td>\n<td width=\"307\" valign=\"top\">The show will be run on the premises of the Rheinisches Pferdestammbuch on Castle Wickrath in M\u00f6nchengladbach, closely to the Netherlands and Belgian borders with good motorway connections. Classes will be run for both in-hand and ridden, and there will be more breed presentations.<\/td>\n<\/tr>\n<tr>\n<td colspan=\"2\" width=\"307\" valign=\"top\"><img loading=\"lazy\" decoding=\"async\" src=\"https:\/\/www.cpv-ev.com\/wp-content\/uploads\/2012\/07\/trans240x10.gif\" alt=\"trans240x10\" width=\"240\" height=\"10\"><\/td>\n<\/tr>\n<tr>\n<td style=\"text-align: left;\" width=\"307\" valign=\"top\"><span style=\"text-decoration: underline;\"><a href=\"https:\/\/www.cpv-ev.com\/wp-content\/uploads\/2018\/06\/2018-Nennung-Sport.pdf\" target=\"_blank\" rel=\"noopener noreferrer\"><strong>Nennformular Sport 2018<\/strong><\/a><\/span><\/td>\n<td width=\"50\" valign=\"top\">&nbsp;<\/td>\n<td style=\"text-align: left;\" width=\"307\" valign=\"top\"><span style=\"text-decoration: underline;\"><a href=\"https:\/\/www.cpv-ev.com\/wp-content\/uploads\/2018\/06\/2018-Nomination-Sport.pdf\" target=\"_blank\" rel=\"noopener noreferrer\"><strong>Nomination Sport 2018<\/strong><\/a><\/span><\/td>\n<\/tr>\n<tr>\n<td colspan=\"2\" width=\"307\" valign=\"top\"><img loading=\"lazy\" decoding=\"async\" src=\"https:\/\/www.cpv-ev.com\/wp-content\/uploads\/2012\/07\/trans240x10.gif\" alt=\"trans240x10\" width=\"240\" height=\"10\"><\/td>\n<\/tr>\n<tr>\n<td style=\"text-align: justify;\" width=\"307\" valign=\"top\">F\u00fcr die Zuchtschau konnten bereits inter-nationale Richter gewonnen werden.<\/td>\n<td width=\"50\" valign=\"top\">&nbsp;<\/td>\n<td width=\"307\" valign=\"top\">For the breeding classes, international judges have been invited.<\/td>\n<\/tr>\n<\/tbody>\n<\/table>\n","protected":false},"excerpt":{"rendered":"<p>&nbsp; Zucht- und Sportveranstaltung der CPV auf Schloss Wickrath &#8211; 28.06.2018 &#8211; Update &nbsp; Society runs Breeding and Sports event on Castle Wickrath &#8211; 28.06.2018 &#8211; Update &nbsp;<\/p>\n","protected":false},"author":2,"featured_media":0,"comment_status":"closed","ping_status":"closed","sticky":false,"template":"","format":"standard","meta":{"ngg_post_thumbnail":0,"footnotes":""},"categories":[37,17,8],"tags":[],"class_list":["post-22487","post","type-post","status-publish","format-standard","hentry","category-news-2018","category-sport-news","category-zucht-veranstaltungen"],"_links":{"self":[{"href":"https:\/\/www.cpv-ev.com\/index.php?rest_route=\/wp\/v2\/posts\/22487","targetHints":{"allow":["GET"]}}],"collection":[{"href":"https:\/\/www.cpv-ev.com\/index.php?rest_route=\/wp\/v2\/posts"}],"about":[{"href":"https:\/\/www.cpv-ev.com\/index.php?rest_route=\/wp\/v2\/types\/post"}],"author":[{"embeddable":true,"href":"https:\/\/www.cpv-ev.com\/index.php?rest_route=\/wp\/v2\/users\/2"}],"replies":[{"embeddable":true,"href":"https:\/\/www.cpv-ev.com\/index.php?rest_route=%2Fwp%2Fv2%2Fcomments&post=22487"}],"version-history":[{"count":0,"href":"https:\/\/www.cpv-ev.com\/index.php?rest_route=\/wp\/v2\/posts\/22487\/revisions"}],"wp:attachment":[{"href":"https:\/\/www.cpv-ev.com\/index.php?rest_route=%2Fwp%2Fv2%2Fmedia&parent=22487"}],"wp:term":[{"taxonomy":"category","embeddable":true,"href":"https:\/\/www.cpv-ev.com\/index.php?rest_route=%2Fwp%2Fv2%2Fcategories&post=22487"},{"taxonomy":"post_tag","embeddable":true,"href":"https:\/\/www.cpv-ev.com\/index.php?rest_route=%2Fwp%2Fv2%2Ftags&post=22487"}],"curies":[{"name":"wp","href":"https:\/\/api.w.org\/{rel}","templated":true}]}}