{"id":21589,"date":"2018-03-19T14:24:12","date_gmt":"2018-03-19T12:24:12","guid":{"rendered":"https:\/\/www.cpv-ev.com\/?p=21589"},"modified":"2018-11-02T20:27:18","modified_gmt":"2018-11-02T18:27:18","slug":"10-03-2018-bayerische-ponykoerung-in-ansbach-von-alexandra-kraemer","status":"publish","type":"post","link":"https:\/\/www.cpv-ev.com\/?p=21589","title":{"rendered":"10.03.2018 &#8211; Bayerische Ponyk\u00f6rung in Ansbach, von Alexandra Kr\u00e4mer"},"content":{"rendered":"<p>&nbsp;<\/p>\n<p><strong>Zwei Hengste f\u00fcr die bayerische Connemara Zucht zugelassen<br \/>\n<\/strong><\/p>\n<p>&nbsp;<\/p>\n<p><!--more--><\/p>\n<p>&nbsp;<\/p>\n<p>&nbsp;<br \/>\nBei der K\u00f6rung des Bayrischen Zuchtverbandes f\u00fcr Kleinpferde und Spezialpferderassen in Ansbach am 10.03.2018 wurden zwei Connemara-Hengste der K\u00f6rkommission vorgestellt:<br \/>\n&nbsp;<br \/>\n<a href=\"https:\/\/www.cpv-ev.com\/wp-content\/uploads\/2018\/03\/Wirthsm\u00fchle-Dark-Diamond.jpg\"><img loading=\"lazy\" decoding=\"async\" class=\"alignleft size-thumbnail wp-image-21597\" src=\"https:\/\/www.cpv-ev.com\/wp-content\/uploads\/2018\/03\/Wirthsm\u00fchle-Dark-Diamond-147x110.jpg\" alt=\"\" width=\"147\" height=\"110\" srcset=\"https:\/\/www.cpv-ev.com\/wp-content\/uploads\/2018\/03\/Wirthsm\u00fchle-Dark-Diamond-147x110.jpg 147w, https:\/\/www.cpv-ev.com\/wp-content\/uploads\/2018\/03\/Wirthsm\u00fchle-Dark-Diamond-300x225.jpg 300w, https:\/\/www.cpv-ev.com\/wp-content\/uploads\/2018\/03\/Wirthsm\u00fchle-Dark-Diamond-500x375.jpg 500w, https:\/\/www.cpv-ev.com\/wp-content\/uploads\/2018\/03\/Wirthsm\u00fchle-Dark-Diamond-146x110.jpg 146w, https:\/\/www.cpv-ev.com\/wp-content\/uploads\/2018\/03\/Wirthsm\u00fchle-Dark-Diamond.jpg 750w\" sizes=\"auto, (max-width: 147px) 100vw, 147px\" \/><\/a><a href=\"https:\/\/www.cpv-ev.com\/wp-content\/uploads\/2018\/03\/Wirthsm\u00fchle-Dark-Diamond-2.jpg\"><img loading=\"lazy\" decoding=\"async\" class=\"alignright size-thumbnail wp-image-21596\" src=\"https:\/\/www.cpv-ev.com\/wp-content\/uploads\/2018\/03\/Wirthsm\u00fchle-Dark-Diamond-2-147x110.jpg\" alt=\"\" width=\"147\" height=\"110\" srcset=\"https:\/\/www.cpv-ev.com\/wp-content\/uploads\/2018\/03\/Wirthsm\u00fchle-Dark-Diamond-2-147x110.jpg 147w, https:\/\/www.cpv-ev.com\/wp-content\/uploads\/2018\/03\/Wirthsm\u00fchle-Dark-Diamond-2-300x225.jpg 300w, https:\/\/www.cpv-ev.com\/wp-content\/uploads\/2018\/03\/Wirthsm\u00fchle-Dark-Diamond-2-500x375.jpg 500w, https:\/\/www.cpv-ev.com\/wp-content\/uploads\/2018\/03\/Wirthsm\u00fchle-Dark-Diamond-2-146x110.jpg 146w, https:\/\/www.cpv-ev.com\/wp-content\/uploads\/2018\/03\/Wirthsm\u00fchle-Dark-Diamond-2.jpg 750w\" sizes=\"auto, (max-width: 147px) 100vw, 147px\" \/><\/a>Der dreij\u00e4hrige Rappschimmel Wirthsm\u00fchle Dark Diamond begeisterte durch schicken, sportlichen Typ mit sehr guten Bewegungen und verm\u00f6gendem Freispringen mit guter \u00dcbersicht. WM Dark Diamond ist ein Sohn des leider im letzten Jahr verstorbenen Elitehengstes Diamond Shamrock aus der Elitestute Norlunds Primrose von Laerkens Cascade Dawn. Viele Vollgeschwister, vor allem auch Wirthsm\u00fchle Delaneys u.a. Champion der Internationalen Hengstschau in den Niederlanden in 2014 zeigen, wie wertvoll diese Gene sind. WM Dark Diamond wurde aufgrund seiner Qualit\u00e4ten nicht nur mit dem Titel Pr\u00e4mienhengst ausgezeichnet, sondern auch \u00fcberragender Sieger der Sportponyrassen. Ganz herzlichen Gl\u00fcckwunsch auch auf diesem Weg an Besitzerin und Z\u00fcchterin Angelika Wolf-Neuhaus vom Gest\u00fct Wirthsm\u00fchle in Greding!<br \/>\n&nbsp;<br \/>\n<a href=\"https:\/\/www.cpv-ev.com\/wp-content\/uploads\/2018\/03\/Liscaninane-Boy.jpg\"><img loading=\"lazy\" decoding=\"async\" class=\"alignright size-thumbnail wp-image-21595\" src=\"https:\/\/www.cpv-ev.com\/wp-content\/uploads\/2018\/03\/Liscaninane-Boy-147x110.jpg\" alt=\"\" width=\"147\" height=\"110\" srcset=\"https:\/\/www.cpv-ev.com\/wp-content\/uploads\/2018\/03\/Liscaninane-Boy-147x110.jpg 147w, https:\/\/www.cpv-ev.com\/wp-content\/uploads\/2018\/03\/Liscaninane-Boy-300x225.jpg 300w, https:\/\/www.cpv-ev.com\/wp-content\/uploads\/2018\/03\/Liscaninane-Boy-500x375.jpg 500w, https:\/\/www.cpv-ev.com\/wp-content\/uploads\/2018\/03\/Liscaninane-Boy-146x110.jpg 146w, https:\/\/www.cpv-ev.com\/wp-content\/uploads\/2018\/03\/Liscaninane-Boy.jpg 750w\" sizes=\"auto, (max-width: 147px) 100vw, 147px\" \/><\/a>Ebenfalls von Angelika Wolf-Neuhaus ausgestellt wurde der Schimmelhengst Liscaninane Boy, gezogen in Irland und im letzten Jahr importiert aus England. Er konnte im letzten Herbst die Hengstleistungspr\u00fcfung in Ansbach mit 8,06 als Sieger f\u00fcr sich entscheiden. Der Sohn des Coosheen Callowfeenish Cashel aus der Rathcoona Lydon von Emoe Bertie \u00fcberzeugte durch eine sehr gelassene Pr\u00e4sentation und verm\u00f6gendes Freispringen.<br \/>\n&nbsp;<br \/>\nAlexandra Kr\u00e4mer<br \/>\nRassesprecher Connemara, Bayr. Zuchtverband f. Kleinpferde- und Spezialpferderassen<br \/>\n&nbsp;<\/p>\n","protected":false},"excerpt":{"rendered":"<p>&nbsp; Zwei Hengste f\u00fcr die bayerische Connemara Zucht zugelassen &nbsp;<\/p>\n","protected":false},"author":2,"featured_media":0,"comment_status":"closed","ping_status":"closed","sticky":false,"template":"","format":"standard","meta":{"ngg_post_thumbnail":0,"footnotes":""},"categories":[37,8],"tags":[],"class_list":["post-21589","post","type-post","status-publish","format-standard","hentry","category-news-2018","category-zucht-veranstaltungen"],"_links":{"self":[{"href":"https:\/\/www.cpv-ev.com\/index.php?rest_route=\/wp\/v2\/posts\/21589","targetHints":{"allow":["GET"]}}],"collection":[{"href":"https:\/\/www.cpv-ev.com\/index.php?rest_route=\/wp\/v2\/posts"}],"about":[{"href":"https:\/\/www.cpv-ev.com\/index.php?rest_route=\/wp\/v2\/types\/post"}],"author":[{"embeddable":true,"href":"https:\/\/www.cpv-ev.com\/index.php?rest_route=\/wp\/v2\/users\/2"}],"replies":[{"embeddable":true,"href":"https:\/\/www.cpv-ev.com\/index.php?rest_route=%2Fwp%2Fv2%2Fcomments&post=21589"}],"version-history":[{"count":0,"href":"https:\/\/www.cpv-ev.com\/index.php?rest_route=\/wp\/v2\/posts\/21589\/revisions"}],"wp:attachment":[{"href":"https:\/\/www.cpv-ev.com\/index.php?rest_route=%2Fwp%2Fv2%2Fmedia&parent=21589"}],"wp:term":[{"taxonomy":"category","embeddable":true,"href":"https:\/\/www.cpv-ev.com\/index.php?rest_route=%2Fwp%2Fv2%2Fcategories&post=21589"},{"taxonomy":"post_tag","embeddable":true,"href":"https:\/\/www.cpv-ev.com\/index.php?rest_route=%2Fwp%2Fv2%2Ftags&post=21589"}],"curies":[{"name":"wp","href":"https:\/\/api.w.org\/{rel}","templated":true}]}}