{"id":21315,"date":"2018-03-04T11:32:47","date_gmt":"2018-03-04T09:32:47","guid":{"rendered":"https:\/\/www.cpv-ev.com\/?p=21315"},"modified":"2018-11-02T20:25:00","modified_gmt":"2018-11-02T18:25:00","slug":"04-03-2018-hengstnews-von-susanne-lehmann","status":"publish","type":"post","link":"https:\/\/www.cpv-ev.com\/?p=21315","title":{"rendered":"04.03.2018 &#8211; Hengstnews, von Susanne Lehmann"},"content":{"rendered":"<p><a href=\"https:\/\/www.cpv-ev.com\/wp-content\/uploads\/2018\/03\/D\u00fcrrenmatt-Sprung3.jpg\"><img loading=\"lazy\" decoding=\"async\" class=\"alignleft size-thumbnail wp-image-21275\" src=\"https:\/\/www.cpv-ev.com\/wp-content\/uploads\/2018\/03\/D\u00fcrrenmatt-Sprung3-83x110.jpg\" alt=\"\" width=\"83\" height=\"110\" srcset=\"https:\/\/www.cpv-ev.com\/wp-content\/uploads\/2018\/03\/D\u00fcrrenmatt-Sprung3-83x110.jpg 83w, https:\/\/www.cpv-ev.com\/wp-content\/uploads\/2018\/03\/D\u00fcrrenmatt-Sprung3-300x400.jpg 300w, https:\/\/www.cpv-ev.com\/wp-content\/uploads\/2018\/03\/D\u00fcrrenmatt-Sprung3-375x500.jpg 375w, https:\/\/www.cpv-ev.com\/wp-content\/uploads\/2018\/03\/D\u00fcrrenmatt-Sprung3-110x146.jpg 110w, https:\/\/www.cpv-ev.com\/wp-content\/uploads\/2018\/03\/D\u00fcrrenmatt-Sprung3-225x300.jpg 225w, https:\/\/www.cpv-ev.com\/wp-content\/uploads\/2018\/03\/D\u00fcrrenmatt-Sprung3.jpg 563w\" sizes=\"auto, (max-width: 83px) 100vw, 83px\" \/><\/a><\/p>\n<p>&nbsp;<\/p>\n<p>&nbsp;<\/p>\n<p>&nbsp;<\/p>\n<p><strong>Wechsel im Hengstverteilungsplan<br \/>\n<\/strong><\/p>\n<p>&nbsp;<\/p>\n<p><!--more--><\/p>\n<p>&nbsp;<\/p>\n<p>&nbsp;<\/p>\n<p>Die Hengste Thiergartenhofs Idefix und Twilight Burning Dundrum sind inzwischen kastriert und aus der Zucht ausgeschieden.<\/p>\n<p>&nbsp;<br \/>\nCastleside Magnum wird 2018 im Sport gef\u00f6rdert und steht Z\u00fcchtern in dieser Saison nicht zur Verf\u00fcgung.<br \/>\n&nbsp;<br \/>\n&nbsp;<a href=\"https:\/\/www.cpv-ev.com\/wp-content\/uploads\/2012\/07\/Kilduffahoo2.jpg\"><img loading=\"lazy\" decoding=\"async\" class=\"alignleft size-thumbnail wp-image-1312\" src=\"https:\/\/www.cpv-ev.com\/wp-content\/uploads\/2012\/07\/Kilduffahoo2-73x110.jpg\" alt=\"\" width=\"73\" height=\"110\" srcset=\"https:\/\/www.cpv-ev.com\/wp-content\/uploads\/2012\/07\/Kilduffahoo2-73x110.jpg 73w, https:\/\/www.cpv-ev.com\/wp-content\/uploads\/2012\/07\/Kilduffahoo2-300x451.jpg 300w, https:\/\/www.cpv-ev.com\/wp-content\/uploads\/2012\/07\/Kilduffahoo2-332x500.jpg 332w, https:\/\/www.cpv-ev.com\/wp-content\/uploads\/2012\/07\/Kilduffahoo2-119x180.jpg 119w, https:\/\/www.cpv-ev.com\/wp-content\/uploads\/2012\/07\/Kilduffahoo2.jpg 425w\" sizes=\"auto, (max-width: 73px) 100vw, 73px\" \/><\/a><br \/>\nKilduffahoo II (li.) macht eine Sportpause und steht in diesem Jahr bei Angelika Gr\u00e4fin von Courten auf dem Bruggerhof in Bayern auf Station.<br \/>\n&nbsp;<br \/>\n<a href=\"https:\/\/www.cpv-ev.com\/wp-content\/uploads\/2018\/03\/D\u00fcrrenmatt-Sprung.jpg\"><img loading=\"lazy\" decoding=\"async\" class=\"alignright size-thumbnail wp-image-21273\" src=\"https:\/\/www.cpv-ev.com\/wp-content\/uploads\/2018\/03\/D\u00fcrrenmatt-Sprung-147x110.jpg\" alt=\"\" width=\"147\" height=\"110\" srcset=\"https:\/\/www.cpv-ev.com\/wp-content\/uploads\/2018\/03\/D\u00fcrrenmatt-Sprung-147x110.jpg 147w, https:\/\/www.cpv-ev.com\/wp-content\/uploads\/2018\/03\/D\u00fcrrenmatt-Sprung-300x225.jpg 300w, https:\/\/www.cpv-ev.com\/wp-content\/uploads\/2018\/03\/D\u00fcrrenmatt-Sprung-500x375.jpg 500w, https:\/\/www.cpv-ev.com\/wp-content\/uploads\/2018\/03\/D\u00fcrrenmatt-Sprung-146x110.jpg 146w, https:\/\/www.cpv-ev.com\/wp-content\/uploads\/2018\/03\/D\u00fcrrenmatt-Sprung.jpg 715w\" sizes=\"auto, (max-width: 147px) 100vw, 147px\" \/><\/a>Neu auf der Liste und erster reingezogener Connemara-Hengst von Dexter Leam Pondi in Deutschland ist D\u00fcrrenmatt, ein in Ungarn aus einer Frederiksminde Hazy Marvel-Stute gezogener Hengst, der bisher in \u00d6sterreich in HB II eingestuft wurde, in Deutschland ist er noch nicht vorgestellt worden. Er ist zun\u00e4chst als Sportpony nach Deutschland gekommen, steht aber einer kleinen Anzahl Stuten zur Verf\u00fcgung und steht bei Claus M\u00fcller in Uedem im Rheinland.<\/p>\n<p>&nbsp;<\/p>\n<p>&nbsp;<\/p>\n<p>&nbsp;<\/p>\n<p>&nbsp;<\/p>\n<p>&nbsp;<\/p>\n","protected":false},"excerpt":{"rendered":"<p>&nbsp; &nbsp; &nbsp; Wechsel im Hengstverteilungsplan &nbsp;<\/p>\n","protected":false},"author":2,"featured_media":0,"comment_status":"closed","ping_status":"closed","sticky":false,"template":"","format":"standard","meta":{"ngg_post_thumbnail":0,"footnotes":""},"categories":[37,8],"tags":[],"class_list":["post-21315","post","type-post","status-publish","format-standard","hentry","category-news-2018","category-zucht-veranstaltungen"],"_links":{"self":[{"href":"https:\/\/www.cpv-ev.com\/index.php?rest_route=\/wp\/v2\/posts\/21315","targetHints":{"allow":["GET"]}}],"collection":[{"href":"https:\/\/www.cpv-ev.com\/index.php?rest_route=\/wp\/v2\/posts"}],"about":[{"href":"https:\/\/www.cpv-ev.com\/index.php?rest_route=\/wp\/v2\/types\/post"}],"author":[{"embeddable":true,"href":"https:\/\/www.cpv-ev.com\/index.php?rest_route=\/wp\/v2\/users\/2"}],"replies":[{"embeddable":true,"href":"https:\/\/www.cpv-ev.com\/index.php?rest_route=%2Fwp%2Fv2%2Fcomments&post=21315"}],"version-history":[{"count":0,"href":"https:\/\/www.cpv-ev.com\/index.php?rest_route=\/wp\/v2\/posts\/21315\/revisions"}],"wp:attachment":[{"href":"https:\/\/www.cpv-ev.com\/index.php?rest_route=%2Fwp%2Fv2%2Fmedia&parent=21315"}],"wp:term":[{"taxonomy":"category","embeddable":true,"href":"https:\/\/www.cpv-ev.com\/index.php?rest_route=%2Fwp%2Fv2%2Fcategories&post=21315"},{"taxonomy":"post_tag","embeddable":true,"href":"https:\/\/www.cpv-ev.com\/index.php?rest_route=%2Fwp%2Fv2%2Ftags&post=21315"}],"curies":[{"name":"wp","href":"https:\/\/api.w.org\/{rel}","templated":true}]}}