{"id":2121,"date":"2011-11-13T18:10:22","date_gmt":"2011-11-13T16:10:22","guid":{"rendered":"https:\/\/www.cpv-ev.com\/?p=2121"},"modified":"2012-07-26T18:12:14","modified_gmt":"2012-07-26T16:12:14","slug":"herbstfahrt-2011-mit-connemarabeteiligung","status":"publish","type":"post","link":"https:\/\/www.cpv-ev.com\/?p=2121","title":{"rendered":"Herbstfahrt 2011 mit Connemarabeteiligung"},"content":{"rendered":"<p><strong>Am 30.10 2011 haben sich 15 Gespanne auf die 17 km lange Strecke in s\u00fcdlicher Richtung um Werl herum gemacht. <\/strong><\/p>\n<p><!--more--><\/p>\n<p>&nbsp;<\/p>\n<p>Bei traumhaftem Herbstwetter galt es, \u00fcber 20 Fragen rund um die Wegstrecke zu beantworten. W\u00e4hrend der Rasten wurden die Fahrer auf zwei Bauernh\u00f6fen mit Hochprozentigem und S\u00fc\u00dfigkeiten bewirtet.<\/p>\n<p>Heinz Lottenburger, der\u00a0mit seinem Leon D&#8217;Or extra aus K\u00f6nigswinter angereist war, nahm spontan dort noch einen weiteren Passagier auf. Die kleine Tochter der Familie kam so auch in den Genuss einer Kutschfahrt mit dem Connemarawallach.<\/p>\n<p>&nbsp;<\/p>\n<p><a href=\"https:\/\/www.cpv-ev.com\/wp-content\/uploads\/2012\/07\/herbstfahrt.jpg\"><img loading=\"lazy\" decoding=\"async\" class=\"alignnone size-thumbnail wp-image-2122\" title=\"Herbstfahrt 2011\" src=\"https:\/\/www.cpv-ev.com\/wp-content\/uploads\/2012\/07\/herbstfahrt-164x110.jpg\" alt=\"\" width=\"164\" height=\"110\" srcset=\"https:\/\/www.cpv-ev.com\/wp-content\/uploads\/2012\/07\/herbstfahrt-164x110.jpg 164w, https:\/\/www.cpv-ev.com\/wp-content\/uploads\/2012\/07\/herbstfahrt-300x201.jpg 300w, https:\/\/www.cpv-ev.com\/wp-content\/uploads\/2012\/07\/herbstfahrt.jpg 500w\" sizes=\"auto, (max-width: 164px) 100vw, 164px\" \/><\/a>\u00a0 \u00a0<a href=\"https:\/\/www.cpv-ev.com\/wp-content\/uploads\/2012\/07\/herbstfahrt1.jpg\"><img loading=\"lazy\" decoding=\"async\" class=\"alignnone size-thumbnail wp-image-2123\" title=\"Herbstfahrt 2011\" src=\"https:\/\/www.cpv-ev.com\/wp-content\/uploads\/2012\/07\/herbstfahrt1-164x110.jpg\" alt=\"\" width=\"164\" height=\"110\" srcset=\"https:\/\/www.cpv-ev.com\/wp-content\/uploads\/2012\/07\/herbstfahrt1-164x110.jpg 164w, https:\/\/www.cpv-ev.com\/wp-content\/uploads\/2012\/07\/herbstfahrt1-300x201.jpg 300w, https:\/\/www.cpv-ev.com\/wp-content\/uploads\/2012\/07\/herbstfahrt1.jpg 500w\" sizes=\"auto, (max-width: 164px) 100vw, 164px\" \/><\/a>\u00a0 \u00a0<a href=\"https:\/\/www.cpv-ev.com\/wp-content\/uploads\/2012\/07\/herbstfahrt2.jpg\"><img loading=\"lazy\" decoding=\"async\" class=\"alignnone size-thumbnail wp-image-2124\" title=\"Herbstfahrt 2011\" src=\"https:\/\/www.cpv-ev.com\/wp-content\/uploads\/2012\/07\/herbstfahrt2-164x110.jpg\" alt=\"\" width=\"164\" height=\"110\" srcset=\"https:\/\/www.cpv-ev.com\/wp-content\/uploads\/2012\/07\/herbstfahrt2-164x110.jpg 164w, https:\/\/www.cpv-ev.com\/wp-content\/uploads\/2012\/07\/herbstfahrt2-300x201.jpg 300w, https:\/\/www.cpv-ev.com\/wp-content\/uploads\/2012\/07\/herbstfahrt2.jpg 500w\" sizes=\"auto, (max-width: 164px) 100vw, 164px\" \/><\/a><\/p>\n<p>&nbsp;<\/p>\n<p>Familie Dr\u00f6ge hatte ihren Viererzug in 2 Zweisp\u00e4nner\u00a0(Franz Josef: Grey Griffin und Greenwood Mischka, Sabine: Smaragaid Noble Juliet und Claire)\u00a0aufgeteilt um mehr\u00a0Mitfahrer mitnehmen zu k\u00f6nnen.<\/p>\n<p>Nachdem alle Gespanne heil wieder am Ausgangspunkt angekommen waren, st\u00e4rkten sich Fahrer und Beifahrer mit einem z\u00fcnftigen Eintopf.<\/p>\n<p>Alle waren sich einig, das m\u00fcssen wir h\u00e4ufiger machen!<\/p>\n","protected":false},"excerpt":{"rendered":"<p>Am 30.10 2011 haben sich 15 Gespanne auf die 17 km lange Strecke in s\u00fcdlicher Richtung um Werl herum gemacht.<\/p>\n","protected":false},"author":1,"featured_media":0,"comment_status":"closed","ping_status":"closed","sticky":false,"template":"","format":"standard","meta":{"ngg_post_thumbnail":0,"footnotes":""},"categories":[5],"tags":[],"class_list":["post-2121","post","type-post","status-publish","format-standard","hentry","category-news-2011"],"_links":{"self":[{"href":"https:\/\/www.cpv-ev.com\/index.php?rest_route=\/wp\/v2\/posts\/2121","targetHints":{"allow":["GET"]}}],"collection":[{"href":"https:\/\/www.cpv-ev.com\/index.php?rest_route=\/wp\/v2\/posts"}],"about":[{"href":"https:\/\/www.cpv-ev.com\/index.php?rest_route=\/wp\/v2\/types\/post"}],"author":[{"embeddable":true,"href":"https:\/\/www.cpv-ev.com\/index.php?rest_route=\/wp\/v2\/users\/1"}],"replies":[{"embeddable":true,"href":"https:\/\/www.cpv-ev.com\/index.php?rest_route=%2Fwp%2Fv2%2Fcomments&post=2121"}],"version-history":[{"count":0,"href":"https:\/\/www.cpv-ev.com\/index.php?rest_route=\/wp\/v2\/posts\/2121\/revisions"}],"wp:attachment":[{"href":"https:\/\/www.cpv-ev.com\/index.php?rest_route=%2Fwp%2Fv2%2Fmedia&parent=2121"}],"wp:term":[{"taxonomy":"category","embeddable":true,"href":"https:\/\/www.cpv-ev.com\/index.php?rest_route=%2Fwp%2Fv2%2Fcategories&post=2121"},{"taxonomy":"post_tag","embeddable":true,"href":"https:\/\/www.cpv-ev.com\/index.php?rest_route=%2Fwp%2Fv2%2Ftags&post=2121"}],"curies":[{"name":"wp","href":"https:\/\/api.w.org\/{rel}","templated":true}]}}