{"id":21005,"date":"2017-11-24T09:46:06","date_gmt":"2017-11-24T07:46:06","guid":{"rendered":"https:\/\/www.cpv-ev.com\/?p=21005"},"modified":"2018-03-27T10:35:44","modified_gmt":"2018-03-27T08:35:44","slug":"einladung-zur-jahreshauptversammlung-2018","status":"publish","type":"post","link":"https:\/\/www.cpv-ev.com\/?p=21005","title":{"rendered":"Einladung zur Jahreshauptversammlung 2018"},"content":{"rendered":"<p>&nbsp;<\/p>\n<p><strong>Familie Dr\u00f6ge Gastgeberin f\u00fcr die Jahreshauptversammlung<\/strong><\/p>\n<p>&nbsp;<\/p>\n<p><!--more--><\/p>\n<p>&nbsp;<\/p>\n<p>Selbstverst\u00e4ndlich sind aber auch alle Freunde und Interessierten eingeladen, am Sonntag, den 18. M\u00e4rz 2018 bei der Familie Dr\u00f6ge in Werl an der Jahreshauptversammlung der CPV teilzunehmen: Hof Dr\u00f6ge, Werler Str. 187, 59427 Unna-Hemmerde, Tel. 023 08 &#8211; 859<\/p>\n<p>&nbsp;<\/p>\n<p>F\u00fcr das leibliche Wohl wird gesorgt. Kuchenspenden sind willkommen.&nbsp;<\/p>\n<p>&nbsp;<\/p>\n<p>Die Einladung der Mitglieder mit der Post erfolgt im neuen Jahr.<\/p>\n<p>&nbsp;<\/p>\n<p>Beginn: 12.00 Uhr<\/p>\n<p>&nbsp;<\/p>\n<p>Anmeldungen, vor allem f\u00fcr das Mittagessen, bitte an Sabine Dr\u00f6ge, Tel. 0177 &#8211; 522294 oder an <a href=\"mailto:binid@aol.com\">binid@aol.com<\/a><\/p>\n<p>&nbsp;<\/p>\n<p>&nbsp;<\/p>\n<p>&nbsp;<\/p>\n<p>&nbsp;<\/p>\n<p>&nbsp;<\/p>\n","protected":false},"excerpt":{"rendered":"<p>&nbsp; Familie Dr\u00f6ge Gastgeberin f\u00fcr die Jahreshauptversammlung &nbsp;<\/p>\n","protected":false},"author":5,"featured_media":0,"comment_status":"closed","ping_status":"closed","sticky":false,"template":"","format":"standard","meta":{"ngg_post_thumbnail":0,"footnotes":""},"categories":[31],"tags":[],"class_list":["post-21005","post","type-post","status-publish","format-standard","hentry","category-news-2017"],"_links":{"self":[{"href":"https:\/\/www.cpv-ev.com\/index.php?rest_route=\/wp\/v2\/posts\/21005","targetHints":{"allow":["GET"]}}],"collection":[{"href":"https:\/\/www.cpv-ev.com\/index.php?rest_route=\/wp\/v2\/posts"}],"about":[{"href":"https:\/\/www.cpv-ev.com\/index.php?rest_route=\/wp\/v2\/types\/post"}],"author":[{"embeddable":true,"href":"https:\/\/www.cpv-ev.com\/index.php?rest_route=\/wp\/v2\/users\/5"}],"replies":[{"embeddable":true,"href":"https:\/\/www.cpv-ev.com\/index.php?rest_route=%2Fwp%2Fv2%2Fcomments&post=21005"}],"version-history":[{"count":0,"href":"https:\/\/www.cpv-ev.com\/index.php?rest_route=\/wp\/v2\/posts\/21005\/revisions"}],"wp:attachment":[{"href":"https:\/\/www.cpv-ev.com\/index.php?rest_route=%2Fwp%2Fv2%2Fmedia&parent=21005"}],"wp:term":[{"taxonomy":"category","embeddable":true,"href":"https:\/\/www.cpv-ev.com\/index.php?rest_route=%2Fwp%2Fv2%2Fcategories&post=21005"},{"taxonomy":"post_tag","embeddable":true,"href":"https:\/\/www.cpv-ev.com\/index.php?rest_route=%2Fwp%2Fv2%2Ftags&post=21005"}],"curies":[{"name":"wp","href":"https:\/\/api.w.org\/{rel}","templated":true}]}}