{"id":20941,"date":"2017-11-10T13:52:30","date_gmt":"2017-11-10T11:52:30","guid":{"rendered":"https:\/\/www.cpv-ev.com\/?p=20941"},"modified":"2018-03-27T10:38:08","modified_gmt":"2018-03-27T08:38:08","slug":"10-11-2017-erfolgreiche-distanzpremiere-von-simone-puhl","status":"publish","type":"post","link":"https:\/\/www.cpv-ev.com\/?p=20941","title":{"rendered":"10.11.2017 &#8211; Erfolgreiche Distanzpremiere, von Simone Puhl"},"content":{"rendered":"<p>&nbsp;<\/p>\n<p><strong>30 km stellten f\u00fcr Connemara Pony keine gro\u00dfe Herausforderung dar<br \/>\n<\/strong><\/p>\n<p>&nbsp;<\/p>\n<p><!--more--><\/p>\n<p>&nbsp;<\/p>\n<p>Es ist schon ein paar Jahre her, da hatte ich mich mit dem Gedanken getragen an einem Distanzritt teilzunehmen. Aber damals noch ohne Pferd war das Ziel irgendwo in ganz weiter Ferne. Seit 2011 teile ich mein Leben mit Twilight Burning Filou, der mit Sicherheit nicht als Distanzpferd angeschafft wurde und ganz sicher auch seine eigene Sicht der Dinge dazu gehabt h\u00e4tte, h\u00e4tte ich ihm gesagt, dass wir Beide an einem Distanzritt teilnehmen werden. Filou, damals noch roh musste erst durch die \u201ePferdegrundschule\u201c und danach lagen seine Bestrebungen eher in der Vielseitigkeit, die er mit seiner Reitbeteiligung Nicola bestritt, wenn er nicht gerade im Springparcours unterwegs war.<\/p>\n<p>&nbsp;<\/p>\n<p>W\u00e4hrend einer Umr\u00e4umaktion zuhause fiel mir im Januar 2016 mein Buch Abenteuer Distanzreiten, das ich mir vor Ewigkeiten mal gekauft hatte in die H\u00e4nde und mir fiel auf, dass ich es eigentlich damals auch nur halbherzig gelesen hatte. Also hatte ich das Buch dann endlich mal komplett und mit Interesse gelesen. Und wieder packte mich die Idee mit Filou an einem Distanzritt teilzunehmen. Im Gel\u00e4nde waren wir ja eh st\u00e4ndig unterwegs und lauffreudig ist er auch. Also zur selben Zeit mit einem Mitglied des VDD (Verein deutscher Distanzreiter) telefoniert und Fragen \u00fcber Fragen gestellt. Schlie\u00dflich hatte ich von der Materie null Ahnung. Die Dame war geduldig und nahm mir auch die <a href=\"https:\/\/www.cpv-ev.com\/wp-content\/uploads\/2015\/07\/20170728_180548-e1510314823266.jpeg\"><img loading=\"lazy\" decoding=\"async\" class=\"alignleft size-thumbnail wp-image-20945\" src=\"https:\/\/www.cpv-ev.com\/wp-content\/uploads\/2015\/07\/20170728_180548-e1510314823266-66x110.jpeg\" alt=\"\" width=\"66\" height=\"110\" srcset=\"https:\/\/www.cpv-ev.com\/wp-content\/uploads\/2015\/07\/20170728_180548-e1510314823266-66x110.jpeg 66w, https:\/\/www.cpv-ev.com\/wp-content\/uploads\/2015\/07\/20170728_180548-e1510314823266-300x500.jpeg 300w, https:\/\/www.cpv-ev.com\/wp-content\/uploads\/2015\/07\/20170728_180548-e1510314823266-768x1280.jpeg 768w, https:\/\/www.cpv-ev.com\/wp-content\/uploads\/2015\/07\/20170728_180548-e1510314823266.jpeg 1536w\" sizes=\"auto, (max-width: 66px) 100vw, 66px\" \/><\/a>Bedenken bez\u00fcglich der Rasse (Araber und so). Da ich allerdings weder Zugmaschine noch Anh\u00e4nger besa\u00df und erst recht keinen kannte, der wahnsinnig genug war, um f\u00fcr mich zu trossen (ist schlie\u00dflich genauso undankbar wie der Turniertrottel sein, allerdings wesentlich l\u00e4nger andauernd), verwarf ich die Idee aufs Neue. Im Herbst 2016 hatte ich dann endlich so viel Mumm mich wenigstens in einem Distanzreiterforum anzumelden. Hatte nette Leute kennengelernt und auch in Erfahrung gebracht, dass einer in unmittelbarer N\u00e4he von unserem Stall seine Pferde hat. Also hingefahren, Pferde angeschaut. Es kam zum Gegenbesuch. Danach die Einladung im April auf dem Rheinischen Klosterritt auf irgendwas mit 80 km zu trossen. Erst einmal zugesagt, allerdings konnte ich erst am Samstagmorgen gegen 6 Uhr!!! (ja, Ritte beginnen fr\u00fch) da sein. Zum Gl\u00fcck, denn in der Nacht sanken die Au\u00dfentemperaturen unter Null Grad. Eine <a href=\"https:\/\/www.cpv-ev.com\/wp-content\/uploads\/2015\/07\/IMG-20170924-WA0014.jpeg\"><img loading=\"lazy\" decoding=\"async\" class=\"alignright size-thumbnail wp-image-20949\" src=\"https:\/\/www.cpv-ev.com\/wp-content\/uploads\/2015\/07\/IMG-20170924-WA0014-120x110.jpeg\" alt=\"\" width=\"120\" height=\"110\" srcset=\"https:\/\/www.cpv-ev.com\/wp-content\/uploads\/2015\/07\/IMG-20170924-WA0014-120x110.jpeg 120w, https:\/\/www.cpv-ev.com\/wp-content\/uploads\/2015\/07\/IMG-20170924-WA0014-300x275.jpeg 300w, https:\/\/www.cpv-ev.com\/wp-content\/uploads\/2015\/07\/IMG-20170924-WA0014-768x704.jpeg 768w, https:\/\/www.cpv-ev.com\/wp-content\/uploads\/2015\/07\/IMG-20170924-WA0014-500x458.jpeg 500w, https:\/\/www.cpv-ev.com\/wp-content\/uploads\/2015\/07\/IMG-20170924-WA0014.jpeg 872w\" sizes=\"auto, (max-width: 120px) 100vw, 120px\" \/><\/a>Nacht im Auto w\u00e4re zur Tortur geworden. Vor Ort die Feinheiten des Trossens erl\u00e4utert bekommen und dann ging es auch schon los. Mit dem gepackten Auto Trosspunkte anfahren, Pferde und Reiter mit Wasser versorgen, au\u00dferdem Pferde k\u00fchlen. Und zwischendurch all jene Dinge tun, die auch jeder Turniertrottel tut. Trotz fr\u00fchmorgendlicher K\u00e4lte hatte es mich schnell gepackt und ich glaube, dass ich sofort mitgeritten w\u00e4re, h\u00e4tte mir jemand sein Pferd in die Hand gedr\u00fcckt (allerdings h\u00e4tte ich in meinem untrainierten Zustand nach 10 km beatmet werden m\u00fcssen oder so).<\/p>\n<p>&nbsp;<\/p>\n<p>Mit neuen Eindr\u00fccken im Gep\u00e4ck zur\u00fcck zuhause stand fest: Das will ich auch. Nat\u00fcrlich keine 80 km, sondern erst einmal etwas im unteren Sektor. Ohne gro\u00dfartig auf einen Ritt hinzutrainieren und ohne gro\u00dfe Pl\u00e4ne hatten Filou und ich uns ans Training gemacht. Strecken ausgew\u00e4hlt, Tempo gesteigert, dennoch eher planlos. Reiten bei Wind und Wetter, mit Muskelkater und mit ohne Bock (ja, auch das kam schon mal vor), nach einem <a href=\"https:\/\/www.cpv-ev.com\/wp-content\/uploads\/2015\/07\/IMG-20170924-WA0029.jpeg\"><img loading=\"lazy\" decoding=\"async\" class=\"alignleft size-thumbnail wp-image-20950\" src=\"https:\/\/www.cpv-ev.com\/wp-content\/uploads\/2015\/07\/IMG-20170924-WA0029-196x110.jpeg\" alt=\"\" width=\"196\" height=\"110\" srcset=\"https:\/\/www.cpv-ev.com\/wp-content\/uploads\/2015\/07\/IMG-20170924-WA0029-196x110.jpeg 196w, https:\/\/www.cpv-ev.com\/wp-content\/uploads\/2015\/07\/IMG-20170924-WA0029-300x169.jpeg 300w, https:\/\/www.cpv-ev.com\/wp-content\/uploads\/2015\/07\/IMG-20170924-WA0029.jpeg 320w\" sizes=\"auto, (max-width: 196px) 100vw, 196px\" \/><\/a>12h Arbeitstag und auch an den Wochenenden. Allerdings war Training ohne anstehenden Ritt auch nicht so das Wahre, also hatte ich f\u00fcr mich die Eisborner Herbstdistanz ausgew\u00e4hlt. Somit hatte ich zumindest auch ein Ziel, auch wenn ich mir nicht so sicher war wie das logistisch umzusetzen sein sollte (keine Zugmaschine, kein Anh\u00e4nger, geschweige denn F\u00fchrerschein daf\u00fcr, kein Tross). Aber wie hei\u00dft es doch so sch\u00f6n? Das Gl\u00fcck ist mit den Dummen. Nicola bot sich an mich zu fahren, musste aber kurze Zeit sp\u00e4ter aufgrund einer schulischen Verpflichtung absagen. Wenigstens durfte ich ihr Auto und ihren Anh\u00e4nger benutzen. Mein Vater bot an mich wenigstens hinzufahren und wieder abzuholen. Also war auch der Teil gekl\u00e4rt. Ein neuer Tross fand sich auch sehr schnell, allerdings musste er ebenfalls aufgrund einer ausbildungsrelevanten Verpflichtung absagen. Ein neuer Tross fand sich vorerst nicht. Ich selbst war zu der Zeit an einem Punkt, an dem ich mir nicht mehr so sicher war, ob ich tats\u00e4chlich den Ritt wagen wollte. Schlie\u00dflich fand ich uns so ziemlich unvorbereitet. Dennoch r\u00fcckte der Tag, der 23.09.2017, n\u00e4her und auch ein neuer Tross tat sich auch in Gestalt einer Stallkollegin. Hier nochmal danke an Christiane, die mich tapfer begleitet hatte und sich mit Einworts\u00e4tzen meinerseits abm\u00fchen musste.<\/p>\n<p>&nbsp;<\/p>\n<p>Am 22.09.2017 ging es dann am sp\u00e4ten Nachmittag mit gepacktem Auto und Pony im Anh\u00e4nger nach Balve Eisborn \u2013 im sch\u00f6nsten Feierabendverkehr. Vor Ort schnell den Paddock aufgebaut und uns mit den \u00d6rtlichkeiten bekannt gemacht. Lauter nette, hilfsbereite Leute um uns herum und ich stand kurz vor einem Herzstillstand. Mittlerweile war ich mir sicher, dass ich definitiv nicht reiten wollte. Den Vet Check hatte ich aufgrund einer leichten Scheuerstelle in der Gurtlage durch meinen Springgurt auf den n\u00e4chsten Morgen verschoben. Eine unruhige Nacht auf der Ladefl\u00e4che des Gel\u00e4ndewagens verbracht (es handelte sich hierbei um einen Pajero Marke klein, also ging nur diagonales <a href=\"https:\/\/www.cpv-ev.com\/wp-content\/uploads\/2015\/07\/IMG-20170924-WA0030-1.jpeg\"><img loading=\"lazy\" decoding=\"async\" class=\"alignright size-thumbnail wp-image-20947\" src=\"https:\/\/www.cpv-ev.com\/wp-content\/uploads\/2015\/07\/IMG-20170924-WA0030-1-186x110.jpeg\" alt=\"\" width=\"186\" height=\"110\" srcset=\"https:\/\/www.cpv-ev.com\/wp-content\/uploads\/2015\/07\/IMG-20170924-WA0030-1-186x110.jpeg 186w, https:\/\/www.cpv-ev.com\/wp-content\/uploads\/2015\/07\/IMG-20170924-WA0030-1-300x177.jpeg 300w, https:\/\/www.cpv-ev.com\/wp-content\/uploads\/2015\/07\/IMG-20170924-WA0030-1.jpeg 320w\" sizes=\"auto, (max-width: 186px) 100vw, 186px\" \/><\/a>Schlafen und das, obwohl ich mit meinen 1,53 m nicht gerade gro\u00df bin). Trotzdem mehr oder weniger gut geschlafen. Anders als Filou, der offenbar nicht geschlafen hatte. Am n\u00e4chsten Morgen immer noch Regen und nicht so wirklich ideales Reitwetter. Mit dem Pony im Schlepptau den Vet Check aufgesucht und gehofft, die Scheuerstelle w\u00fcrde mir meinen Ritt ersparen. Falsch gedacht, Starterlaubnis erteilt. Meine genaue Startzeit war 10:10h, also hatte ich noch viel Zeit. Filou war mittlerweile auch nerv\u00f6s und rannte ziellos in seinem Paddock auf und ab. Also mit dem Pony spazieren gehen. Erfolg zeigte sich nur zeitweilig. Auch die Hufschuhe anziehen gestaltete sich schwierig, da der Herr nicht mehr zu halten war. Nachdem Filou dann doch endlich gesattelt war, konnten wir uns Richtung Reitplatz bewegen und dort in Ruhe aufw\u00e4rmen. Filou und ich starteten in der vorletzten Gruppe gemeinsam mit zwei weiteren Teilnehmerinnen, die mich w\u00e4hrend des ganzen Rittes ganz lieb unterst\u00fctzt hatten. An dieser Stelle nochmal ganz herzlichen Dank an Mandy und Jacqueline. Punkt 10:10h ging es dann im moderaten Tempo los (Schritt). Das beruhigte mich und auch Filou. Aber nach ca. 2 km war dann Schluss mit lustig. Es ging im Trab weiter. \u00dcber Stra\u00dfen und Waldwege, Asphalt und Schotter, Forstwege und Landwirtschaftswege, vorbei am Wildgehege Vosswinkel. Die Berge hinauf und wieder hinunter, immer darauf bedacht das Tempo gleichbleibend zu halten. Zum Gl\u00fcck hatten wir in der Elfringhauser Schweiz trainiert, so fiel es uns nicht allzu schwer. Filou nutzte die 33km, um durchgehend gegen den Z\u00fcgel zu gehen und regelm\u00e4\u00dfig Versuche zu starten das Vorpferd zu \u00fcberholen. Auch \u00dcberholman\u00f6ver der \u201e80 km Pferde\u201c erschienen ihm offenbar als Frechheit, denn er startete jedes Mal einen <a href=\"https:\/\/www.cpv-ev.com\/wp-content\/uploads\/2015\/07\/IMG-20170924-WA0016.jpeg\"><img loading=\"lazy\" decoding=\"async\" class=\"alignleft size-thumbnail wp-image-20948\" src=\"https:\/\/www.cpv-ev.com\/wp-content\/uploads\/2015\/07\/IMG-20170924-WA0016-196x110.jpeg\" alt=\"\" width=\"196\" height=\"110\" srcset=\"https:\/\/www.cpv-ev.com\/wp-content\/uploads\/2015\/07\/IMG-20170924-WA0016-196x110.jpeg 196w, https:\/\/www.cpv-ev.com\/wp-content\/uploads\/2015\/07\/IMG-20170924-WA0016-300x169.jpeg 300w, https:\/\/www.cpv-ev.com\/wp-content\/uploads\/2015\/07\/IMG-20170924-WA0016-768x432.jpeg 768w, https:\/\/www.cpv-ev.com\/wp-content\/uploads\/2015\/07\/IMG-20170924-WA0016-500x281.jpeg 500w, https:\/\/www.cpv-ev.com\/wp-content\/uploads\/2015\/07\/IMG-20170924-WA0016.jpeg 1280w\" sizes=\"auto, (max-width: 196px) 100vw, 196px\" \/><\/a>Versuch die Pferde einzuholen. Es blieb beim Versuch. Die Pause nach 20 km hatten wir (f\u00fcr meine Verh\u00e4ltnisse) relativ schnell erreicht. Nach 30 Minuten hie\u00df es dann auf geht\u2019s in die letzte Etappe. Die n\u00e4chsten 13 km bis zum Ziel standen an und es sollte uns noch eine Radarfalle ereilen, die wir allerdings anstandslos passieren konnten. Nach 33 km fanden wir uns dann wieder auf heimischem Terrain. Nach Zeitmessung hie\u00df es dann Nachuntersuchung mit Transportfreigabe in 2 Stunden. Nach der letzten Untersuchung stand fest, dass wir den Ritt anstandslos in der Wertung beendet hatten und somit auch platziert waren. Mit Muskelkater in den Schultern und im Schl\u00fcsselbein (ich wusste nicht, dass man da Muskelkater bekommen kann), au\u00dferdem in Waden und Oberschenkel (ja, Sattelkontakt hat man im Schwebesitz nicht) fehlte mir zu dem Zeitpunkt jeglicher Elan mich dar\u00fcber zu freuen. Da mein Vater vorher noch nie Anh\u00e4nger gefahren war und Filou auch nicht gerne im Anh\u00e4nger steht, haben wir uns dazu entschlossen dann auch sofort nach Hause zu fahren. Also hatte ich dem Veranstalter Bescheid gegeben, dass wir zur Siegerehrung nicht anwesend sein w\u00fcrden.<\/p>\n<p>&nbsp;<\/p>\n<p><a href=\"https:\/\/www.cpv-ev.com\/wp-content\/uploads\/2015\/07\/20171004_180501-e1510314801873.jpeg\"><img loading=\"lazy\" decoding=\"async\" class=\"alignleft size-thumbnail wp-image-20943\" src=\"https:\/\/www.cpv-ev.com\/wp-content\/uploads\/2015\/07\/20171004_180501-e1510314801873-66x110.jpeg\" alt=\"\" width=\"66\" height=\"110\" srcset=\"https:\/\/www.cpv-ev.com\/wp-content\/uploads\/2015\/07\/20171004_180501-e1510314801873-66x110.jpeg 66w, https:\/\/www.cpv-ev.com\/wp-content\/uploads\/2015\/07\/20171004_180501-e1510314801873-300x500.jpeg 300w, https:\/\/www.cpv-ev.com\/wp-content\/uploads\/2015\/07\/20171004_180501-e1510314801873-768x1280.jpeg 768w, https:\/\/www.cpv-ev.com\/wp-content\/uploads\/2015\/07\/20171004_180501-e1510314801873.jpeg 1536w\" sizes=\"auto, (max-width: 66px) 100vw, 66px\" \/><\/a>Zur\u00fcck am Stall das Pony versorgt und den Wagen ausger\u00e4umt. Ein schwieriges Unterfangen, wenn man das Gef\u00fchl einer beginnenden Querschnittsl\u00e4hmung hat, da sich kaum noch etwas bewegen lie\u00df. Freundlicherweise half mir meine Mutter meine Klamotten in den 4. Stock zu transportieren. In Ermangelung eines Aufzuges muss man n\u00e4mlich zu Fu\u00df gehen. Am Dienstag nach dem Ritt konnte ich dann auch wieder normal laufen. Einige Zeit sp\u00e4ter kam Post von den Freizeitreitern Eisborn. Filou hatte tats\u00e4chlich in der Ponywertung den 6. Platz belegt. Und das obwohl ich eigentlich eher geglaubt hatte, dass er nach 15 km keine Lust mehr hat.<\/p>\n<p>&nbsp;<\/p>\n<p>Mein Fazit: Die n\u00e4chste Saison kommt bestimmt und Filou und ich werden auf jeden Fall dabei sein.<\/p>\n<p>&nbsp;<\/p>\n<p>&nbsp;<\/p>\n<p>&nbsp;<\/p>\n<p>&nbsp;<\/p>\n<p>&nbsp;<\/p>\n<p>&nbsp;<\/p>\n<p>&nbsp;<\/p>\n<p>&nbsp;<\/p>\n<p>&nbsp;<\/p>\n<p>&nbsp;<\/p>\n","protected":false},"excerpt":{"rendered":"<p>&nbsp; 30 km stellten f\u00fcr Connemara Pony keine gro\u00dfe Herausforderung dar &nbsp;<\/p>\n","protected":false},"author":2,"featured_media":0,"comment_status":"closed","ping_status":"closed","sticky":false,"template":"","format":"standard","meta":{"ngg_post_thumbnail":0,"footnotes":""},"categories":[31,17],"tags":[],"class_list":["post-20941","post","type-post","status-publish","format-standard","hentry","category-news-2017","category-sport-news"],"_links":{"self":[{"href":"https:\/\/www.cpv-ev.com\/index.php?rest_route=\/wp\/v2\/posts\/20941","targetHints":{"allow":["GET"]}}],"collection":[{"href":"https:\/\/www.cpv-ev.com\/index.php?rest_route=\/wp\/v2\/posts"}],"about":[{"href":"https:\/\/www.cpv-ev.com\/index.php?rest_route=\/wp\/v2\/types\/post"}],"author":[{"embeddable":true,"href":"https:\/\/www.cpv-ev.com\/index.php?rest_route=\/wp\/v2\/users\/2"}],"replies":[{"embeddable":true,"href":"https:\/\/www.cpv-ev.com\/index.php?rest_route=%2Fwp%2Fv2%2Fcomments&post=20941"}],"version-history":[{"count":0,"href":"https:\/\/www.cpv-ev.com\/index.php?rest_route=\/wp\/v2\/posts\/20941\/revisions"}],"wp:attachment":[{"href":"https:\/\/www.cpv-ev.com\/index.php?rest_route=%2Fwp%2Fv2%2Fmedia&parent=20941"}],"wp:term":[{"taxonomy":"category","embeddable":true,"href":"https:\/\/www.cpv-ev.com\/index.php?rest_route=%2Fwp%2Fv2%2Fcategories&post=20941"},{"taxonomy":"post_tag","embeddable":true,"href":"https:\/\/www.cpv-ev.com\/index.php?rest_route=%2Fwp%2Fv2%2Ftags&post=20941"}],"curies":[{"name":"wp","href":"https:\/\/api.w.org\/{rel}","templated":true}]}}