{"id":19173,"date":"2016-08-07T16:45:04","date_gmt":"2016-08-07T14:45:04","guid":{"rendered":"https:\/\/www.cpv-ev.com\/?p=19173"},"modified":"2025-08-12T15:00:15","modified_gmt":"2025-08-12T13:00:15","slug":"07-08-2016-einladung-zur-internationalen-connemara-pony-schau","status":"publish","type":"post","link":"https:\/\/www.cpv-ev.com\/?p=19173","title":{"rendered":"07.08.2016 &#8211; Einladung zur Internationalen Connemara Pony Schau"},"content":{"rendered":"<p>&nbsp;<\/p>\n<p><strong><a href=\"https:\/\/www.cpv-ev.com\/wp-content\/uploads\/2016\/03\/CPV-Schau.jpg\" rel=\"attachment wp-att-17799\"><img loading=\"lazy\" decoding=\"async\" class=\"alignleft size-thumbnail wp-image-17799\" src=\"https:\/\/www.cpv-ev.com\/wp-content\/uploads\/2016\/03\/CPV-Schau-82x110.jpg\" alt=\"CPV Schau\" width=\"82\" height=\"110\" srcset=\"https:\/\/www.cpv-ev.com\/wp-content\/uploads\/2016\/03\/CPV-Schau-82x110.jpg 82w, https:\/\/www.cpv-ev.com\/wp-content\/uploads\/2016\/03\/CPV-Schau-300x400.jpg 300w, https:\/\/www.cpv-ev.com\/wp-content\/uploads\/2016\/03\/CPV-Schau-375x500.jpg 375w, https:\/\/www.cpv-ev.com\/wp-content\/uploads\/2016\/03\/CPV-Schau-110x146.jpg 110w, https:\/\/www.cpv-ev.com\/wp-content\/uploads\/2016\/03\/CPV-Schau-225x300.jpg 225w, https:\/\/www.cpv-ev.com\/wp-content\/uploads\/2016\/03\/CPV-Schau.jpg 446w\" sizes=\"auto, (max-width: 82px) 100vw, 82px\" \/><\/a><a href=\"https:\/\/www.cpv-ev.com\/wp-content\/uploads\/2016\/03\/CPV-Show.jpg\" rel=\"attachment wp-att-17800\"><img loading=\"lazy\" decoding=\"async\" class=\"alignright size-thumbnail wp-image-17800\" src=\"https:\/\/www.cpv-ev.com\/wp-content\/uploads\/2016\/03\/CPV-Show-82x110.jpg\" alt=\"CPV Show\" width=\"82\" height=\"110\" srcset=\"https:\/\/www.cpv-ev.com\/wp-content\/uploads\/2016\/03\/CPV-Show-82x110.jpg 82w, https:\/\/www.cpv-ev.com\/wp-content\/uploads\/2016\/03\/CPV-Show-300x400.jpg 300w, https:\/\/www.cpv-ev.com\/wp-content\/uploads\/2016\/03\/CPV-Show-375x500.jpg 375w, https:\/\/www.cpv-ev.com\/wp-content\/uploads\/2016\/03\/CPV-Show-110x146.jpg 110w, https:\/\/www.cpv-ev.com\/wp-content\/uploads\/2016\/03\/CPV-Show-225x300.jpg 225w, https:\/\/www.cpv-ev.com\/wp-content\/uploads\/2016\/03\/CPV-Show.jpg 446w\" sizes=\"auto, (max-width: 82px) 100vw, 82px\" \/><\/a> Jubil\u00e4ums Zucht- und Sportveranstaltung der CPV auf Schloss Wickrath <\/strong><\/p>\n<p>&nbsp;<\/p>\n<p><strong>Society runs Jubilee Breeding and Sports event on Castle Wickrath<br \/>\n<\/strong><\/p>\n<p>&nbsp;<\/p>\n<p><a href=\"https:\/\/www.cpv-ev.com\/wp-content\/uploads\/2016\/09\/Wickrath-Sieger.jpg\" rel=\"attachment wp-att-19312\"><img loading=\"lazy\" decoding=\"async\" class=\"alignleft size-thumbnail wp-image-19312\" src=\"https:\/\/www.cpv-ev.com\/wp-content\/uploads\/2016\/09\/Wickrath-Sieger-147x110.jpg\" alt=\"wickrath-sieger\" width=\"147\" height=\"110\" srcset=\"https:\/\/www.cpv-ev.com\/wp-content\/uploads\/2016\/09\/Wickrath-Sieger-147x110.jpg 147w, https:\/\/www.cpv-ev.com\/wp-content\/uploads\/2016\/09\/Wickrath-Sieger-300x225.jpg 300w, https:\/\/www.cpv-ev.com\/wp-content\/uploads\/2016\/09\/Wickrath-Sieger-500x375.jpg 500w, https:\/\/www.cpv-ev.com\/wp-content\/uploads\/2016\/09\/Wickrath-Sieger-146x110.jpg 146w, https:\/\/www.cpv-ev.com\/wp-content\/uploads\/2016\/09\/Wickrath-Sieger.jpg 750w\" sizes=\"auto, (max-width: 147px) 100vw, 147px\" \/><\/a><\/p>\n<p>&nbsp;<\/p>\n<p>&nbsp;<\/p>\n<p>&nbsp;<\/p>\n<p>&nbsp;<\/p>\n<p>&nbsp;<\/p>\n<p>&nbsp;<\/p>\n<p>&#8222;Es war wieder einfach wunderbar &#8230; \/ It was just wonderful again &#8230;&#8220;<\/p>\n<p>&nbsp;<\/p>\n<p>&nbsp;<\/p>\n<p><strong><span style=\"font-size: 18pt;\">***Ergebnisse komplett<\/span><em><span style=\"font-size: 18pt;\"> \/ Results completely released<\/span><br \/>\n<\/em><\/strong><\/p>\n<p>&nbsp;<\/p>\n<p><!--more--><\/p>\n<p>&nbsp;<\/p>\n<p><span style=\"text-decoration: underline;\"><span style=\"font-size: 14pt;\"><a href=\"https:\/\/www.cpv-ev.com\/wp-content\/uploads\/2016\/09\/2016-Ergebnis-Sa-Vormittag.pdf\" target=\"_blank\" rel=\"noopener\">ERGEBNISSE SA VORMITTAG \/ RESULTS SAT MORNING<\/a><\/span><\/span><\/p>\n<p>&nbsp;<\/p>\n<p><span style=\"text-decoration: underline;\"><span style=\"font-size: 14pt;\"><a href=\"https:\/\/www.cpv-ev.com\/wp-content\/uploads\/2016\/09\/2016-Ergebnisse-bis-Sa-Abend.pdf\" target=\"_blank\" rel=\"noopener\">ERGEBNISSE SA NACHMITTAG \/ RESULTS SAT AFTERNOON<\/a><\/span><\/span><\/p>\n<p>&nbsp;<\/p>\n<p><span style=\"text-decoration: underline;\"><span style=\"font-size: 14pt;\"><a href=\"https:\/\/www.cpv-ev.com\/wp-content\/uploads\/2016\/09\/2016-Ergebnisse-So.pdf\" target=\"_blank\" rel=\"noopener\">ERGEBNISSE SO \/ RESULTS SUN<\/a><\/span><\/span><\/p>\n<p>&nbsp;<\/p>\n<p><span style=\"text-decoration: underline; font-size: 12pt;\"><a href=\"https:\/\/www.cpv-ev.com\/wp-content\/uploads\/2016\/09\/Zeiteinteilung-Arial.pdf\" target=\"_blank\" rel=\"noopener\">Zeiteinteilung \/ Timetable 2016<\/a><\/span><\/p>\n<p>&nbsp;<\/p>\n<p>&nbsp;<\/p>\n<table border=\"1\" cellspacing=\"0\" cellpadding=\"0\">\n<tbody>\n<tr>\n<td style=\"text-align: left;\" valign=\"top\" width=\"307\">Bitte verwenden Sie die Links (3 Seiten) zu Ausschreibung und Nennformular:<\/td>\n<td valign=\"top\" width=\"50\">&nbsp;<\/td>\n<td style=\"text-align: left;\" valign=\"top\" width=\"307\">Please use the following links (3 pages) for the invitation and entry form:<\/td>\n<\/tr>\n<\/tbody>\n<tbody>\n<tr>\n<td colspan=\"2\" valign=\"top\" width=\"307\"><img loading=\"lazy\" decoding=\"async\" src=\"https:\/\/www.cpv-ev.com\/wp-content\/uploads\/2012\/07\/trans240x10.gif\" alt=\"trans240x10\" width=\"240\" height=\"10\"><\/td>\n<\/tr>\n<\/tbody>\n<tbody>\n<tr>\n<td style=\"text-align: left;\" valign=\"top\" width=\"307\"><span style=\"text-decoration: underline;\"><a href=\"https:\/\/www.cpv-ev.com\/wp-content\/uploads\/2016\/08\/Ausschreibung-2016.pdf\" target=\"_blank\" rel=\"noopener\"><strong>AUSSCHREIBUNG 2016<\/strong><\/a><\/span><\/td>\n<td valign=\"top\" width=\"50\">&nbsp;<\/td>\n<td style=\"text-align: left;\" valign=\"top\" width=\"307\"><span style=\"text-decoration: underline;\"><a href=\"https:\/\/www.cpv-ev.com\/wp-content\/uploads\/2016\/08\/Ausschreibung2016-engl.pdf\" target=\"_blank\" rel=\"noopener\"><strong>ANNOUNCEMENT 2016<\/strong><\/a><\/span><\/td>\n<\/tr>\n<tr>\n<td colspan=\"2\" valign=\"top\" width=\"307\"><img loading=\"lazy\" decoding=\"async\" src=\"https:\/\/www.cpv-ev.com\/wp-content\/uploads\/2012\/07\/trans240x10.gif\" alt=\"trans240x10\" width=\"240\" height=\"10\"><\/td>\n<\/tr>\n<tr>\n<td style=\"text-align: justify;\" valign=\"top\" width=\"307\">Neu in der Veranstaltung ist der Freispring-wettbewerb. Er ist offen f\u00fcr alle Ponys, die zuvor an einer In-Hand bzw. Reit- Klasse teilgenommen haben, Stuten mit Fohlen bei Fu\u00df sind nat\u00fcrlich ausgenommen. Die In-Hand Klassen finden bereits am Samstag statt, das Freispringen wird voraussichtlich am Sonntag Morgen stattfinden.<\/td>\n<td valign=\"top\" width=\"50\">&nbsp;<\/td>\n<td valign=\"top\" width=\"307\">The new venue will be the loose jumping competition, open to all ponies that have already been presented in an in-hand or ridden class, except mares with foal at foot. The in-hand classes will take place on Saturday, the loose jumping is likely to be held on Sunday morning.<\/td>\n<\/tr>\n<tr>\n<td colspan=\"2\" valign=\"top\" width=\"307\"><img loading=\"lazy\" decoding=\"async\" src=\"https:\/\/www.cpv-ev.com\/wp-content\/uploads\/2012\/07\/trans240x10.gif\" alt=\"trans240x10\" width=\"240\" height=\"10\"><\/td>\n<\/tr>\n<tr>\n<td style=\"text-align: left;\" valign=\"top\" width=\"307\"><span style=\"text-decoration: underline;\"><a href=\"https:\/\/www.cpv-ev.com\/wp-content\/uploads\/2016\/06\/2016-Grillabend.pdf\" target=\"_blank\" rel=\"noopener\"><strong>GRILLABEND 2016<\/strong><\/a><\/span><\/td>\n<td valign=\"top\" width=\"50\">&nbsp;<\/td>\n<td style=\"text-align: left;\" valign=\"top\" width=\"307\"><span style=\"text-decoration: underline;\"><a href=\"https:\/\/www.cpv-ev.com\/wp-content\/uploads\/2016\/06\/2016-Barbeque.pdf\" target=\"_blank\" rel=\"noopener\"><strong>BARBEQUE 2016<\/strong><\/a><\/span><\/td>\n<\/tr>\n<tr>\n<td colspan=\"2\" valign=\"top\" width=\"307\"><img loading=\"lazy\" decoding=\"async\" src=\"https:\/\/www.cpv-ev.com\/wp-content\/uploads\/2012\/07\/trans240x10.gif\" alt=\"trans240x10\" width=\"240\" height=\"10\"><\/td>\n<\/tr>\n<tr>\n<td style=\"text-align: left;\" valign=\"top\" width=\"307\">Die Jubil\u00e4umsveranstaltung einer Zuchtschau in Verbindung mit sportlichen Wettbewerben ist bei der CPV f\u00fcr das letzte Septemberwochenende in Vorbereitung.<\/td>\n<td valign=\"top\" width=\"50\">&nbsp;<\/td>\n<td valign=\"top\" width=\"307\">The last September weekend is fully booked with the Jubilee Show of the CPV, combining in-hand classes and sport classes alike, planning is going ahead.<\/td>\n<\/tr>\n<tr>\n<td colspan=\"2\" valign=\"top\" width=\"307\"><img loading=\"lazy\" decoding=\"async\" src=\"https:\/\/www.cpv-ev.com\/wp-content\/uploads\/2012\/07\/trans240x10.gif\" alt=\"trans240x10\" width=\"240\" height=\"10\"><\/td>\n<\/tr>\n<tr>\n<td style=\"text-align: left;\" valign=\"top\" width=\"307\">Verkehrstechnisch vor allem auch f\u00fcr internationale Besucher und Teilnehmer attraktiv, wird die Anlage des Rheinischen Pferdestammbuchs auf Schloss Wickrath in M\u00f6nchengladbach zum Austragungsort f\u00fcr Zucht- und Sportwettbewerbe. Schaubilder runden das vielf\u00e4ltige Programm ab.<\/td>\n<td valign=\"top\" width=\"50\">&nbsp;<\/td>\n<td valign=\"top\" width=\"307\">The show will be run on the premises of the Rheinisches Pferdestammbuch on Castle Wickrath in M\u00f6nchengladbach, closely to the Netherlands and Belgian borders with good motorway connections. Classes will be run for both in-hand and ridden, and there will be more breed presentations.<\/td>\n<\/tr>\n<tr>\n<td colspan=\"2\" valign=\"top\" width=\"307\"><img loading=\"lazy\" decoding=\"async\" src=\"https:\/\/www.cpv-ev.com\/wp-content\/uploads\/2012\/07\/trans240x10.gif\" alt=\"trans240x10\" width=\"240\" height=\"10\"><\/td>\n<\/tr>\n<tr>\n<td style=\"text-align: left;\" valign=\"top\" width=\"307\">F\u00fcr die Zuchtschau konnten bereits internationale Richter gewonnen werden.<\/td>\n<td valign=\"top\" width=\"50\">&nbsp;<\/td>\n<td valign=\"top\" width=\"307\">For the breeding classes, international judges have been invited.<\/td>\n<\/tr>\n<\/tbody>\n<\/table>\n","protected":false},"excerpt":{"rendered":"<p>&nbsp; Jubil\u00e4ums Zucht- und Sportveranstaltung der CPV auf Schloss Wickrath &nbsp; Society runs Jubilee Breeding and Sports event on Castle Wickrath &nbsp; &nbsp; &nbsp; &nbsp; &nbsp; &nbsp; &nbsp; &#8222;Es war wieder einfach wunderbar &#8230; \/ It was just wonderful again <a class=\"more-link\" href=\"https:\/\/www.cpv-ev.com\/?p=19173\"><span class=\"screen-reader-text\">  07.08.2016 &#8211; Einladung zur Internationalen Connemara Pony Schau<\/span> weiterlesen<span class=\"meta-nav\">&rarr;<\/span><\/a><\/p>\n","protected":false},"author":2,"featured_media":0,"comment_status":"closed","ping_status":"closed","sticky":false,"template":"","format":"standard","meta":{"ngg_post_thumbnail":0,"footnotes":""},"categories":[28,17,8],"tags":[],"class_list":["post-19173","post","type-post","status-publish","format-standard","hentry","category-news-2016","category-sport-news","category-zucht-veranstaltungen"],"_links":{"self":[{"href":"https:\/\/www.cpv-ev.com\/index.php?rest_route=\/wp\/v2\/posts\/19173","targetHints":{"allow":["GET"]}}],"collection":[{"href":"https:\/\/www.cpv-ev.com\/index.php?rest_route=\/wp\/v2\/posts"}],"about":[{"href":"https:\/\/www.cpv-ev.com\/index.php?rest_route=\/wp\/v2\/types\/post"}],"author":[{"embeddable":true,"href":"https:\/\/www.cpv-ev.com\/index.php?rest_route=\/wp\/v2\/users\/2"}],"replies":[{"embeddable":true,"href":"https:\/\/www.cpv-ev.com\/index.php?rest_route=%2Fwp%2Fv2%2Fcomments&post=19173"}],"version-history":[{"count":1,"href":"https:\/\/www.cpv-ev.com\/index.php?rest_route=\/wp\/v2\/posts\/19173\/revisions"}],"predecessor-version":[{"id":29510,"href":"https:\/\/www.cpv-ev.com\/index.php?rest_route=\/wp\/v2\/posts\/19173\/revisions\/29510"}],"wp:attachment":[{"href":"https:\/\/www.cpv-ev.com\/index.php?rest_route=%2Fwp%2Fv2%2Fmedia&parent=19173"}],"wp:term":[{"taxonomy":"category","embeddable":true,"href":"https:\/\/www.cpv-ev.com\/index.php?rest_route=%2Fwp%2Fv2%2Fcategories&post=19173"},{"taxonomy":"post_tag","embeddable":true,"href":"https:\/\/www.cpv-ev.com\/index.php?rest_route=%2Fwp%2Fv2%2Ftags&post=19173"}],"curies":[{"name":"wp","href":"https:\/\/api.w.org\/{rel}","templated":true}]}}