{"id":18936,"date":"2016-07-12T14:53:56","date_gmt":"2016-07-12T12:53:56","guid":{"rendered":"https:\/\/www.cpv-ev.com\/?p=18936"},"modified":"2016-09-21T07:09:02","modified_gmt":"2016-09-21T05:09:02","slug":"12-07-2016-leistungsstutbuch-der-fn-mit-zwei-neuen-stuten","status":"publish","type":"post","link":"https:\/\/www.cpv-ev.com\/?p=18936","title":{"rendered":"12.07.2016 &#8211; Leistungsstutbuch der FN mit zwei neuen Stuten"},"content":{"rendered":"<p>&nbsp;<\/p>\n<p><strong> Zahl der eingetragenen Stuten nun bei 37<br \/>\n<\/strong><\/p>\n<p>&nbsp;<\/p>\n<p><!--more--><\/p>\n<p>&nbsp;<\/p>\n<p style=\"text-align: justify;\"><a href=\"https:\/\/www.cpv-ev.com\/wp-content\/uploads\/2016\/07\/Limited-Editions-Remember-Me.png\" rel=\"attachment wp-att-19101\"><img loading=\"lazy\" decoding=\"async\" class=\"alignright size-thumbnail wp-image-19101\" src=\"https:\/\/www.cpv-ev.com\/wp-content\/uploads\/2016\/07\/Limited-Editions-Remember-Me-165x110.png\" alt=\"Limited Editions Remember Me\" width=\"165\" height=\"110\" srcset=\"https:\/\/www.cpv-ev.com\/wp-content\/uploads\/2016\/07\/Limited-Editions-Remember-Me-165x110.png 165w, https:\/\/www.cpv-ev.com\/wp-content\/uploads\/2016\/07\/Limited-Editions-Remember-Me-300x200.png 300w, https:\/\/www.cpv-ev.com\/wp-content\/uploads\/2016\/07\/Limited-Editions-Remember-Me-500x333.png 500w, https:\/\/www.cpv-ev.com\/wp-content\/uploads\/2016\/07\/Limited-Editions-Remember-Me.png 658w\" sizes=\"auto, (max-width: 165px) 100vw, 165px\" \/><\/a>Neu im Leistungsstutbuch der FN wurden zwei Stuten eingetragen: die 2008 geborene Limited Editions Remember Me stammt aus der Zucht und dem Besitz von Birgit Hartung aus dem bayerischen Lohr am Main &#8211; sie ist bereits Staatspr\u00e4mienstute und hat sich \u00fcber die erfolgreiche Stutenleistungspr\u00fcfung f\u00fcr die Eintragung ins Leistungsstutbuch der FN Abteilung A empfohlen, die geforderten zwei Fohlen hat sie bereits gebracht und f\u00fchrt aktuell ein weiteres Stutfohlen. Remember Me stammt von Gonzales aus der Amber Rose von May Prince.<\/p>\n<p>&nbsp;<\/p>\n<p style=\"text-align: justify;\"><a href=\"https:\/\/www.cpv-ev.com\/wp-content\/uploads\/2016\/07\/Lutece-de-Rigne.jpg\" rel=\"attachment wp-att-18939\"><img loading=\"lazy\" decoding=\"async\" class=\"alignleft size-thumbnail wp-image-18939\" src=\"https:\/\/www.cpv-ev.com\/wp-content\/uploads\/2016\/07\/Lutece-de-Rigne-147x110.jpg\" alt=\"Lutece de Rigne\" width=\"147\" height=\"110\" srcset=\"https:\/\/www.cpv-ev.com\/wp-content\/uploads\/2016\/07\/Lutece-de-Rigne-147x110.jpg 147w, https:\/\/www.cpv-ev.com\/wp-content\/uploads\/2016\/07\/Lutece-de-Rigne-300x225.jpg 300w, https:\/\/www.cpv-ev.com\/wp-content\/uploads\/2016\/07\/Lutece-de-Rigne-500x375.jpg 500w, https:\/\/www.cpv-ev.com\/wp-content\/uploads\/2016\/07\/Lutece-de-Rigne-146x110.jpg 146w, https:\/\/www.cpv-ev.com\/wp-content\/uploads\/2016\/07\/Lutece-de-Rigne.jpg 750w\" sizes=\"auto, (max-width: 147px) 100vw, 147px\" \/><\/a>Der zweite Neuzugang ist Lutece de Rigne, eine 1999 in Frankreich gezogene Tochter des Theoreme de Jax aus der Daphnee de la Mee von Nipon II. Sie stammt aus der Zucht von Emile Lerat, Loire-Atlantique. Nachdem sie bereits in Frankreich zwei Fohlen hatte, wurde sie vermutlich 2005, tragend vom franz\u00f6sischen Champion Garryhinch Millrace, nach Irland verkauft, wo sie 2006 das erste von f\u00fcnf im irischen Stutbuch verzeichneten Fohlen hatte, zwei weitere Fohlen sind noch gar nicht eingetragen. 2015 wechselte sie wieder auf den Kontinent zu Ulla Connolly im nieders\u00e4chsischen Mellinghausen und hatte ein Fohlen von Coral Dun &#8211; nachweislich also das achte Fohlen, so dass sie f\u00fcr den Eintrag ins Leistungsstutbuch Abteilung D angemeldet werden konnte: erfasst wird \u00fcbrigens die Zuchtleistung der Stute, nicht die Zuchtleistung, die in Deutschland geleistet wurde. Sie ist aktuell tragend von einem weiteren Champion, dem hofeigenen Gurteen Cathal.<\/p>\n<p>&nbsp;<\/p>\n<p style=\"text-align: justify;\">Ob sich auch Ihre Stute f\u00fcr den Eintrag ins Leistungsstutbuch qualifiziert, k\u00f6nnen Sie unter diesem <strong><a href=\"https:\/\/www.cpv-ev.com\/?page_id=7368\" target=\"_blank\">Link<\/a><\/strong> nachlesen und sich den Antrag herunterladen.<\/p>\n","protected":false},"excerpt":{"rendered":"<p>&nbsp; Zahl der eingetragenen Stuten nun bei 37 &nbsp;<\/p>\n","protected":false},"author":2,"featured_media":0,"comment_status":"closed","ping_status":"closed","sticky":false,"template":"","format":"standard","meta":{"ngg_post_thumbnail":0,"footnotes":""},"categories":[28,8],"tags":[],"class_list":["post-18936","post","type-post","status-publish","format-standard","hentry","category-news-2016","category-zucht-veranstaltungen"],"_links":{"self":[{"href":"https:\/\/www.cpv-ev.com\/index.php?rest_route=\/wp\/v2\/posts\/18936","targetHints":{"allow":["GET"]}}],"collection":[{"href":"https:\/\/www.cpv-ev.com\/index.php?rest_route=\/wp\/v2\/posts"}],"about":[{"href":"https:\/\/www.cpv-ev.com\/index.php?rest_route=\/wp\/v2\/types\/post"}],"author":[{"embeddable":true,"href":"https:\/\/www.cpv-ev.com\/index.php?rest_route=\/wp\/v2\/users\/2"}],"replies":[{"embeddable":true,"href":"https:\/\/www.cpv-ev.com\/index.php?rest_route=%2Fwp%2Fv2%2Fcomments&post=18936"}],"version-history":[{"count":0,"href":"https:\/\/www.cpv-ev.com\/index.php?rest_route=\/wp\/v2\/posts\/18936\/revisions"}],"wp:attachment":[{"href":"https:\/\/www.cpv-ev.com\/index.php?rest_route=%2Fwp%2Fv2%2Fmedia&parent=18936"}],"wp:term":[{"taxonomy":"category","embeddable":true,"href":"https:\/\/www.cpv-ev.com\/index.php?rest_route=%2Fwp%2Fv2%2Fcategories&post=18936"},{"taxonomy":"post_tag","embeddable":true,"href":"https:\/\/www.cpv-ev.com\/index.php?rest_route=%2Fwp%2Fv2%2Ftags&post=18936"}],"curies":[{"name":"wp","href":"https:\/\/api.w.org\/{rel}","templated":true}]}}