{"id":16531,"date":"2015-10-08T21:24:02","date_gmt":"2015-10-08T19:24:02","guid":{"rendered":"https:\/\/www.cpv-ev.com\/?p=16531"},"modified":"2015-12-10T21:20:18","modified_gmt":"2015-12-10T19:20:18","slug":"sternbergs-silver-sam-schafft-qualifikation-zum-bundeschampionat-von-christina-reuss","status":"publish","type":"post","link":"https:\/\/www.cpv-ev.com\/?p=16531","title":{"rendered":"07.11.2015 &#8211; Sternbergs Silver Sam schafft Qualifikation zum BCH, von Christina Reu\u00df"},"content":{"rendered":"<h1 style=\"text-align: justify;\" align=\"center\"><\/h1>\n<p>&nbsp;<\/p>\n<p><strong>\u00a0Hengst nun f\u00fcr die Reitponyzucht zugelassen<\/strong><\/p>\n<p style=\"text-align: justify;\"><!--more--><\/p>\n<p>&nbsp;<\/p>\n<p>&nbsp;<\/p>\n<p style=\"text-align: justify;\"><a href=\"https:\/\/www.cpv-ev.com\/wp-content\/uploads\/2015\/10\/Sternbergs-Silver-Sam-2-e1444331847926.jpg\"><img loading=\"lazy\" decoding=\"async\" class=\"alignleft size-thumbnail wp-image-16530\" src=\"https:\/\/www.cpv-ev.com\/wp-content\/uploads\/2015\/10\/Sternbergs-Silver-Sam-2-e1444331832241-147x110.jpg\" alt=\"Sternbergs Silver Sam\" width=\"147\" height=\"110\" \/><\/a>Der 6j\u00e4hrigen Hengst Sternbergs Silver Sam (Clifden Silver x Maike v. Diamant) konnte bei den Quali-Gel\u00e4ndepferdepr\u00fcfugen der Klasse A* die Richter voll von sich \u00fcberzeugen!!<\/p>\n<p>&nbsp;<\/p>\n<p>&nbsp;<\/p>\n<p style=\"text-align: justify;\">Unter seiner 16-j\u00e4hrigen Kaderreiterin, Katrin Hein, erreichte Sam in Forchheim, als einziges Pony eine WN von 7,2 bei 36 Startern, welche gr\u00f6\u00dftenteils von Profireitern vorgestellt wurden. Auch in Nu\u00dfdorf ging Sam als einziges Pony an den Start und begeisterte sowohl Zuschauer als auch Richter. Katrin und Sam erreichten hier eine <a href=\"https:\/\/www.cpv-ev.com\/wp-content\/uploads\/2015\/10\/Sternbergs-Silver-Sam-1-e1444331749359.jpg\"><img loading=\"lazy\" decoding=\"async\" class=\"alignright size-thumbnail wp-image-16529\" src=\"https:\/\/www.cpv-ev.com\/wp-content\/uploads\/2015\/10\/Sternbergs-Silver-Sam-1-e1444331749359-149x110.jpg\" alt=\"Sternbergs Silver Sam (1)\" width=\"149\" height=\"110\" srcset=\"https:\/\/www.cpv-ev.com\/wp-content\/uploads\/2015\/10\/Sternbergs-Silver-Sam-1-e1444331749359-149x110.jpg 149w, https:\/\/www.cpv-ev.com\/wp-content\/uploads\/2015\/10\/Sternbergs-Silver-Sam-1-e1444331749359-300x221.jpg 300w, https:\/\/www.cpv-ev.com\/wp-content\/uploads\/2015\/10\/Sternbergs-Silver-Sam-1-e1444331749359-150x110.jpg 150w, https:\/\/www.cpv-ev.com\/wp-content\/uploads\/2015\/10\/Sternbergs-Silver-Sam-1-e1444331749359.jpg 461w\" sizes=\"auto, (max-width: 149px) 100vw, 149px\" \/><\/a>Endnote von 7,3. Die zwei hatten leider einen unn\u00f6tigen Fehler am \u00fcberbauten Graben. Trotz des Stehers war Sam nur zwei Sekunden \u00fcber der zul\u00e4ssigen Zeit. Von der Grundwertnote 8,0 mussten daher leider 0,7 abgezogen werden. Die Richter waren beeindruckt von Sams herausragenden Galoppade und sehr gutem Sprungverm\u00f6gen. O-Ton der Richter nach der Pr\u00fcfung: &#8222;Es ist sehr schade, dass das Pony in Warendorf nicht dabei sein wird. Ein Pony mit so einer Galoppade und Einstellung sieht man selten. Ich habe schon in Warendorf gerichtet und das Pony w\u00fcrde mit Sicherheit gut abschneiden!&#8220;<\/p>\n<p>&nbsp;<\/p>\n<p>&nbsp;<\/p>\n<p style=\"text-align: justify;\"><a href=\"https:\/\/www.cpv-ev.com\/wp-content\/uploads\/2015\/10\/Sternbergs-Silver-Sam-10.jpg\"><img loading=\"lazy\" decoding=\"async\" class=\"alignleft size-thumbnail wp-image-16527\" src=\"https:\/\/www.cpv-ev.com\/wp-content\/uploads\/2015\/10\/Sternbergs-Silver-Sam-10-165x110.jpg\" alt=\"Sternbergs Silver Sam\" width=\"165\" height=\"110\" srcset=\"https:\/\/www.cpv-ev.com\/wp-content\/uploads\/2015\/10\/Sternbergs-Silver-Sam-10-165x110.jpg 165w, https:\/\/www.cpv-ev.com\/wp-content\/uploads\/2015\/10\/Sternbergs-Silver-Sam-10-300x200.jpg 300w, https:\/\/www.cpv-ev.com\/wp-content\/uploads\/2015\/10\/Sternbergs-Silver-Sam-10-500x333.jpg 500w, https:\/\/www.cpv-ev.com\/wp-content\/uploads\/2015\/10\/Sternbergs-Silver-Sam-10.jpg 960w\" sizes=\"auto, (max-width: 165px) 100vw, 165px\" \/><\/a><a href=\"https:\/\/www.cpv-ev.com\/wp-content\/uploads\/2015\/10\/2-e1444331605445.jpg\"><img loading=\"lazy\" decoding=\"async\" class=\"alignright size-thumbnail wp-image-16526\" src=\"https:\/\/www.cpv-ev.com\/wp-content\/uploads\/2015\/10\/2-e1444331605445-157x110.jpg\" alt=\"Sternbergs Silver Sam\" width=\"157\" height=\"110\" srcset=\"https:\/\/www.cpv-ev.com\/wp-content\/uploads\/2015\/10\/2-e1444331605445-157x110.jpg 157w, https:\/\/www.cpv-ev.com\/wp-content\/uploads\/2015\/10\/2-e1444331605445-300x209.jpg 300w, https:\/\/www.cpv-ev.com\/wp-content\/uploads\/2015\/10\/2-e1444331605445-500x349.jpg 500w, https:\/\/www.cpv-ev.com\/wp-content\/uploads\/2015\/10\/2-e1444331605445.jpg 692w\" sizes=\"auto, (max-width: 157px) 100vw, 157px\" \/><\/a>Ich bin \u00fcbergl\u00fccklich und wahnsinnig stolz auf mein Pony, der das alles, ohne jeglichen Profiberitt und ohne viel Training gemeistert hat! Sam ist, meines Wissens, das erste Connemara Pony, das sich f\u00fcr die DKB-Bundeschampionate qualifiziert hat! Aufgrund der Quali und seiner bereits abgelegten Leistungspr\u00fcfung \u00fcber den 2 Tageskurztest, erh\u00e4lt Sam jetzt auch die Zulassung in Hengstbuch I f\u00fcr die Deutsche Reitponyzucht.<\/p>\n<p>&nbsp;<\/p>\n<p>&nbsp;<\/p>\n<p>&nbsp;<\/p>\n<p style=\"text-align: justify;\">Generell gilt:<\/p>\n<p>&nbsp;<\/p>\n<p style=\"text-align: justify;\">Mit einer Qualifikation f\u00fcr das Bundeschampionat erhalten 5- und 6-j\u00e4hrige Connemara Hengste, die ihre Leistungspr\u00fcfung \u00fcber einen 2 Tageskurztest abgelegt haben, die Zulassung in das Hengstbuch I der Deutschen Reitponyzucht. F\u00fcr eine erfolgreiche Quali <a href=\"https:\/\/www.cpv-ev.com\/wp-content\/uploads\/2015\/10\/3-e1444331710807.jpg\"><img loading=\"lazy\" decoding=\"async\" class=\"alignright size-thumbnail wp-image-16528\" src=\"https:\/\/www.cpv-ev.com\/wp-content\/uploads\/2015\/10\/3-e1444331693101-146x110.jpg\" alt=\"Sternbergs Silver Sam\" width=\"146\" height=\"110\" \/><\/a>wird in zwei Gel\u00e4ndepferdepr\u00fcfungen (mit bestimmten Quali-Anforderungen) der Klasse A eine WN von 7,0 und besser ben\u00f6tigt. Ponys k\u00f6nnen sich (leider) nur unter einem jugendlichen Reiter (unter 18 Jahren) qualifizieren.<\/p>\n<p>&nbsp;<\/p>\n<p>&nbsp;<\/p>\n<p style=\"text-align: justify;\">Trotz erfolgreicher Qualifikation d\u00fcrfen Connemara Ponys aber leider nicht am Bundeschampionat in Warendorf teilnehmen. Hier d\u00fcrfen lediglich Deutsche Reitpferde und Deutsche Reitponys starten. Ich hoffe, dass sich dies in Zukunft noch \u00e4ndern wird und auch Connemara Ponys und andere Rassen aus Deutscher Zucht in Warendorf starten d\u00fcrfen.<\/p>\n<p>&nbsp;<\/p>\n<p>&nbsp;<\/p>\n","protected":false},"excerpt":{"rendered":"<p>&nbsp; \u00a0Hengst nun f\u00fcr die Reitponyzucht zugelassen<\/p>\n","protected":false},"author":5,"featured_media":0,"comment_status":"closed","ping_status":"closed","sticky":false,"template":"","format":"standard","meta":{"ngg_post_thumbnail":0,"footnotes":""},"categories":[25,17,8],"tags":[],"class_list":["post-16531","post","type-post","status-publish","format-standard","hentry","category-news-2015","category-sport-news","category-zucht-veranstaltungen"],"_links":{"self":[{"href":"https:\/\/www.cpv-ev.com\/index.php?rest_route=\/wp\/v2\/posts\/16531","targetHints":{"allow":["GET"]}}],"collection":[{"href":"https:\/\/www.cpv-ev.com\/index.php?rest_route=\/wp\/v2\/posts"}],"about":[{"href":"https:\/\/www.cpv-ev.com\/index.php?rest_route=\/wp\/v2\/types\/post"}],"author":[{"embeddable":true,"href":"https:\/\/www.cpv-ev.com\/index.php?rest_route=\/wp\/v2\/users\/5"}],"replies":[{"embeddable":true,"href":"https:\/\/www.cpv-ev.com\/index.php?rest_route=%2Fwp%2Fv2%2Fcomments&post=16531"}],"version-history":[{"count":0,"href":"https:\/\/www.cpv-ev.com\/index.php?rest_route=\/wp\/v2\/posts\/16531\/revisions"}],"wp:attachment":[{"href":"https:\/\/www.cpv-ev.com\/index.php?rest_route=%2Fwp%2Fv2%2Fmedia&parent=16531"}],"wp:term":[{"taxonomy":"category","embeddable":true,"href":"https:\/\/www.cpv-ev.com\/index.php?rest_route=%2Fwp%2Fv2%2Fcategories&post=16531"},{"taxonomy":"post_tag","embeddable":true,"href":"https:\/\/www.cpv-ev.com\/index.php?rest_route=%2Fwp%2Fv2%2Ftags&post=16531"}],"curies":[{"name":"wp","href":"https:\/\/api.w.org\/{rel}","templated":true}]}}