{"id":16460,"date":"2015-09-25T16:42:00","date_gmt":"2015-09-25T14:42:00","guid":{"rendered":"https:\/\/www.cpv-ev.com\/?p=16460"},"modified":"2015-12-10T21:19:31","modified_gmt":"2015-12-10T19:19:31","slug":"fohlenpaermierung-am-gestuet-wirthsmuehle-von-angelika-von-courten","status":"publish","type":"post","link":"https:\/\/www.cpv-ev.com\/?p=16460","title":{"rendered":"25.09.2015 &#8211; Fohlenpr\u00e4mierung am Gest\u00fct Wirthsm\u00fchle, von Angelika von Courten"},"content":{"rendered":"<p>&nbsp;<\/p>\n<p><strong>Lehrstunde f\u00fcr\u2019s Z\u00fcchterauge<\/strong><\/p>\n<p><!--more--><\/p>\n<p>&nbsp;<\/p>\n<p>&nbsp;<\/p>\n<p>&nbsp;<\/p>\n<p style=\"text-align: justify;\"><a href=\"https:\/\/www.cpv-ev.com\/wp-content\/uploads\/2015\/09\/ti04e.jpg\"><img loading=\"lazy\" decoding=\"async\" class=\"alignleft size-thumbnail wp-image-16475\" src=\"https:\/\/www.cpv-ev.com\/wp-content\/uploads\/2015\/09\/ti04e-146x110.jpg\" alt=\"Impression mt Zaung\u00e4sten Greding\" width=\"146\" height=\"110\" srcset=\"https:\/\/www.cpv-ev.com\/wp-content\/uploads\/2015\/09\/ti04e-146x110.jpg 146w, https:\/\/www.cpv-ev.com\/wp-content\/uploads\/2015\/09\/ti04e-300x225.jpg 300w, https:\/\/www.cpv-ev.com\/wp-content\/uploads\/2015\/09\/ti04e-500x375.jpg 500w, https:\/\/www.cpv-ev.com\/wp-content\/uploads\/2015\/09\/ti04e.jpg 605w\" sizes=\"auto, (max-width: 146px) 100vw, 146px\" \/><\/a>Pr\u00e4mierungstermine des Bayerischen Zuchtverbands k\u00f6nnen kunterbunt sein: Frei nach dem Motto \u201cWer zuerst kommt mahlt zuerst\u201d wird dann vom Mini-Shetland bis zum gro\u00dfen Tinker ungeordnet nacheinander alles an diesj\u00e4hrigen Fohlen vorgestellt, was die Zuchtverbandsmitglieder aus dem Umkreis zu bieten haben. F\u00fcr den unbeteiligten Ponyliebhaber und \u2013interessierten oft eher ein verwirrender Eindruck.<\/p>\n<p>&nbsp;<\/p>\n<p style=\"text-align: justify;\">Nicht so an der Wirthsm\u00fchle bei Angelika Wolf und Klaus Neuhaus: dort wurde schon im Vorfeld genau \u00fcberlegt und organisiert, daher haben auch wir schon vor Monaten zu diesem Zuchttermin zugesagt, um mit einem unserer Fohlen zu kommen.<\/p>\n<p>&nbsp;<\/p>\n<p style=\"text-align: justify;\">Nach den diversen \u201cBunten und Verschiedenen\u201d waren die einzelnen Connemarafohlen von Elitehengst Diamond Shamrock angesagt. Zuerst auf hartem Boden (= Weg zum Reitplatz) zur Ermittlung der Korrektheit und dann freilaufend bzw. an der Hand auf dem fest umz\u00e4unten Reitplatz der Wirthsm\u00fchle zur weiteren Bewertung und Pr\u00e4mierung. Etliche Interessierte hatten sich als Zaung\u00e4ste eingefunden und hatten somit die herrliche M\u00f6glichkeit, nach \u00c4hnlichkeiten der Halbgeschwister Ausschau zu halten, miteinander zu vergleichen und zu diskutieren.<\/p>\n<p style=\"text-align: justify;\">\u201cSham\u2019s Kinder\u201c punkteten eindeutig beim Ponycharme der K\u00f6pfe: breite Stirn, gro\u00dfe Augen, dreieckiger Kopf mit \u201cTeetassenschn\u00e4uzchen\u201d oder auch das Abzeichen des Vaters \u2013 gro\u00dfe \u00c4hnlichkeiten!<\/p>\n<p>&nbsp;<\/p>\n<p style=\"text-align: justify;\"><a href=\"https:\/\/www.cpv-ev.com\/wp-content\/uploads\/2015\/09\/dk01a.jpg\"><img loading=\"lazy\" decoding=\"async\" class=\"alignleft wp-image-16465 size-thumbnail\" src=\"https:\/\/www.cpv-ev.com\/wp-content\/uploads\/2015\/09\/dk01a-147x110.jpg\" alt=\"Wirthsm\u00fchle Silla\" width=\"147\" height=\"110\" srcset=\"https:\/\/www.cpv-ev.com\/wp-content\/uploads\/2015\/09\/dk01a-147x110.jpg 147w, https:\/\/www.cpv-ev.com\/wp-content\/uploads\/2015\/09\/dk01a-300x225.jpg 300w, https:\/\/www.cpv-ev.com\/wp-content\/uploads\/2015\/09\/dk01a-500x373.jpg 500w, https:\/\/www.cpv-ev.com\/wp-content\/uploads\/2015\/09\/dk01a-146x110.jpg 146w, https:\/\/www.cpv-ev.com\/wp-content\/uploads\/2015\/09\/dk01a.jpg 599w\" sizes=\"auto, (max-width: 147px) 100vw, 147px\" \/><\/a><a href=\"https:\/\/www.cpv-ev.com\/wp-content\/uploads\/2015\/09\/db01e.jpg\"><img loading=\"lazy\" decoding=\"async\" class=\"alignright size-thumbnail wp-image-16462\" src=\"https:\/\/www.cpv-ev.com\/wp-content\/uploads\/2015\/09\/db01e-146x110.jpg\" alt=\"Wirthsm\u00fchle Silla\" width=\"146\" height=\"110\" srcset=\"https:\/\/www.cpv-ev.com\/wp-content\/uploads\/2015\/09\/db01e-146x110.jpg 146w, https:\/\/www.cpv-ev.com\/wp-content\/uploads\/2015\/09\/db01e-300x225.jpg 300w, https:\/\/www.cpv-ev.com\/wp-content\/uploads\/2015\/09\/db01e-500x374.jpg 500w, https:\/\/www.cpv-ev.com\/wp-content\/uploads\/2015\/09\/db01e.jpg 603w\" sizes=\"auto, (max-width: 146px) 100vw, 146px\" \/><\/a>Wirthsm\u00fchle Silla, geb. 11.07.2015, V: EH Diamond Shamrock, M: Golden Shine, MV: Grange Surf Sparrow, Z+B: Angelika Wolf, Greding, Pr\u00e4mienfohlen mit 7.6<\/p>\n<p>&nbsp;<\/p>\n<p>&nbsp;<\/p>\n<p>&nbsp;<\/p>\n<p>&nbsp;<\/p>\n<p>&nbsp;<\/p>\n<p>&nbsp;<\/p>\n<p style=\"text-align: justify;\"><a href=\"https:\/\/www.cpv-ev.com\/wp-content\/uploads\/2015\/09\/dk04e.jpg\"><img loading=\"lazy\" decoding=\"async\" class=\"alignleft size-thumbnail wp-image-16466\" src=\"https:\/\/www.cpv-ev.com\/wp-content\/uploads\/2015\/09\/dk04e-147x110.jpg\" alt=\"Wirtsm\u00fchle Duke of Weselton\" width=\"147\" height=\"110\" srcset=\"https:\/\/www.cpv-ev.com\/wp-content\/uploads\/2015\/09\/dk04e-147x110.jpg 147w, https:\/\/www.cpv-ev.com\/wp-content\/uploads\/2015\/09\/dk04e-300x225.jpg 300w, https:\/\/www.cpv-ev.com\/wp-content\/uploads\/2015\/09\/dk04e-500x372.jpg 500w, https:\/\/www.cpv-ev.com\/wp-content\/uploads\/2015\/09\/dk04e-146x110.jpg 146w, https:\/\/www.cpv-ev.com\/wp-content\/uploads\/2015\/09\/dk04e.jpg 606w\" sizes=\"auto, (max-width: 147px) 100vw, 147px\" \/><\/a>Wirthsm\u00fchle Duke of Weselton, geb. 18.03.2015, V: EH Diamond Shamrock, M: Millfields Fairytayle, MV: Wisbridge Erinmore, Z+B: Angelika Wolf, Greding, Pr\u00e4mienfohlen mit 7.5 (li.)<\/p>\n<p>&nbsp;<\/p>\n<p>&nbsp;<\/p>\n<p>&nbsp;<\/p>\n<p style=\"text-align: justify;\"><a href=\"https:\/\/www.cpv-ev.com\/wp-content\/uploads\/2015\/09\/dk06b.jpg\"><img loading=\"lazy\" decoding=\"async\" class=\"alignright size-thumbnail wp-image-16467\" src=\"https:\/\/www.cpv-ev.com\/wp-content\/uploads\/2015\/09\/dk06b-146x110.jpg\" alt=\"Wirthsm\u00fchle Dark Diamond\" width=\"146\" height=\"110\" srcset=\"https:\/\/www.cpv-ev.com\/wp-content\/uploads\/2015\/09\/dk06b-146x110.jpg 146w, https:\/\/www.cpv-ev.com\/wp-content\/uploads\/2015\/09\/dk06b-300x225.jpg 300w, https:\/\/www.cpv-ev.com\/wp-content\/uploads\/2015\/09\/dk06b-500x375.jpg 500w, https:\/\/www.cpv-ev.com\/wp-content\/uploads\/2015\/09\/dk06b.jpg 608w\" sizes=\"auto, (max-width: 146px) 100vw, 146px\" \/><\/a>Wirthsm\u00fchle Dark Diamond, geb. 22.02.2015, V: EH Diamond Shamrock, M: Norlunds Primrose, MV: Laerkens Cascade Dawn, Z+B: Angelika Wolf, Greding, Goldpr\u00e4mienfohlen mit 8.4 (re.)<\/p>\n<p>&nbsp;<\/p>\n<p>&nbsp;<\/p>\n<p>&nbsp;<\/p>\n<p style=\"text-align: justify;\">Auch im K\u00f6rperbau waren \u201cbarocke Rundungen\u201d als gemeinsame Eigenschaft schnell auszumachen \u2013 sicherlich nicht nur wegen des ausgezeichneten Futterzustands der einzelnen Fohlen.<\/p>\n<p>&nbsp;<\/p>\n<p>&nbsp;<\/p>\n<p style=\"text-align: justify;\"><a href=\"https:\/\/www.cpv-ev.com\/wp-content\/uploads\/2015\/09\/db03a.jpg\"><img loading=\"lazy\" decoding=\"async\" class=\"alignleft size-thumbnail wp-image-16463\" src=\"https:\/\/www.cpv-ev.com\/wp-content\/uploads\/2015\/09\/db03a-146x110.jpg\" alt=\"Wirthsm\u00fchle Linnea\" width=\"146\" height=\"110\" srcset=\"https:\/\/www.cpv-ev.com\/wp-content\/uploads\/2015\/09\/db03a-146x110.jpg 146w, https:\/\/www.cpv-ev.com\/wp-content\/uploads\/2015\/09\/db03a-300x225.jpg 300w, https:\/\/www.cpv-ev.com\/wp-content\/uploads\/2015\/09\/db03a-500x374.jpg 500w, https:\/\/www.cpv-ev.com\/wp-content\/uploads\/2015\/09\/db03a.jpg 603w\" sizes=\"auto, (max-width: 146px) 100vw, 146px\" \/><\/a>Wirthsm\u00fchle Linnea, geb. 09.05.2015, V: EH Diamond Shamrock, M: Wirthsm\u00fchle Lissome, MV: Skousboe Morning Rock, Z+B: Angelika Wolf, Greding, Pr\u00e4mienfohlen mit 7.9<\/p>\n<p>&nbsp;<\/p>\n<p>&nbsp;<\/p>\n<p style=\"text-align: justify;\"><a href=\"https:\/\/www.cpv-ev.com\/wp-content\/uploads\/2015\/09\/db05d.jpg\"><img loading=\"lazy\" decoding=\"async\" class=\"alignright size-thumbnail wp-image-16464\" src=\"https:\/\/www.cpv-ev.com\/wp-content\/uploads\/2015\/09\/db05d-146x110.jpg\" alt=\"Grace\" width=\"146\" height=\"110\" srcset=\"https:\/\/www.cpv-ev.com\/wp-content\/uploads\/2015\/09\/db05d-146x110.jpg 146w, https:\/\/www.cpv-ev.com\/wp-content\/uploads\/2015\/09\/db05d-300x225.jpg 300w, https:\/\/www.cpv-ev.com\/wp-content\/uploads\/2015\/09\/db05d-500x375.jpg 500w, https:\/\/www.cpv-ev.com\/wp-content\/uploads\/2015\/09\/db05d.jpg 605w\" sizes=\"auto, (max-width: 146px) 100vw, 146px\" \/><\/a>Grace, geb. 13.03.2015, V: EH Diamond Shamrock, M: Gina, MV: Westside Frank 817, Z+B: Melli Regnet, Hilpolstein, Pr\u00e4mienfohlen mit 7.5 (re.)<\/p>\n<p>&nbsp;<\/p>\n<p>Die Bewegungsnote ist als einzige buchst\u00e4blich abh\u00e4ngig von der Tagesform; Fohlen mit Heimvorteil k\u00f6nnen da auch mal v\u00f6llig relaxed ihre Runden im Reitplatz drehen oder auch einfach satt und gem\u00fctlich die Kommission be\u00e4ugen \u2026<br \/>\nDass \u201cSham-Kinder\u201d auch richtige \u201cFlieger\u201d sein k\u00f6nnen, hab\u2019 ich selbst schon oft an fr\u00fcheren Pr\u00e4mierungsterminen erlebt \u2013 dieses Mal brillierte hier \u201cnur\u201d Wirthsm\u00fchle Dark Diamond und das auch \u201cnur\u201d am Hartplatz. Dort stand er f\u00f6rmlich geradezu \u00fcber der Erde. Schade eigentlich, dass dort das Richtergremium nur Augen f\u00fcr seine Korrektheit hatte und sein Bewegungspotential damit nicht adequat in die Bewegungsnote mit einfloss.<\/p>\n<p>&nbsp;<\/p>\n<p>&nbsp;<\/p>\n<p>Nach den f\u00fcnf Diamond Shamrock-Fohlen war schlie\u00dflich der Jahrgang von Kilduffahoo II an der Reihe:<\/p>\n<p>&nbsp;<\/p>\n<p>Angelika Wolf und ich hatten diesen Hengst bei klirrenden Aussentemperaturen im Januar 2015 angeschaut. Er steht schon seit geraumer Zeit bei Oettingen mitten in Bayern und wird erfolgreich von den Kollmar-M\u00e4dels (zw\u00f6lf und f\u00fcnfzehn Jahre alt) im Sport vorgestellt.<\/p>\n<p>&nbsp;<\/p>\n<p>Allein schon die Tatsache ist au\u00dfergew\u00f6hnlich, dass meine Z\u00fcchterkollegin, die selbst zwei hochverdiente Elite-Connemara-Hengste bei sich auf der Wirthsm\u00fchle stehen hat, meine Neugier weckte mit dem Satz \u201cKomm\u2019 doch, da ist ein Hengst bei uns in der N\u00e4he, den m\u00fcssen wir uns unbedingt live anschauen.\u201d \u00dcber den Tellerrand blicken und sich selbst ein Bild machen \u2013 nicht nur auf diesem Gebiet \u201cticken\u201d wir beiden \u201collen\u201d Connemaraz\u00fcchterinnen wohl ziemlich \u00e4hnlich.<\/p>\n<p>&nbsp;<\/p>\n<p>Sehr gespannt schauten wir also nach gemeinsamen \u00c4hnlichkeiten der Fohlen aus:<\/p>\n<p>&nbsp;<\/p>\n<p>Beginnend beim Kopf f\u00e4llt einem ein etwas herberer oder auch pferdiger Ausdruck auf mit gerader Nasenlinie auf. Edel im anderen Typ oder auf andere Weise.<br \/>\nAbzeichenm\u00e4\u00dfig war sehr wenig festzustellen \u2013 auch an den Beinen kaum. Erstaunlich viele farbige Fohlen sind dieses Jahr in Bayern von diesem Hengst gefallen (drei Braune, vier offensichtliche Schimmel).<\/p>\n<p>&nbsp;<\/p>\n<p><a href=\"https:\/\/www.cpv-ev.com\/wp-content\/uploads\/2015\/09\/kk07e.jpg\"><img loading=\"lazy\" decoding=\"async\" class=\"alignleft wp-image-16471 size-thumbnail\" src=\"https:\/\/www.cpv-ev.com\/wp-content\/uploads\/2015\/09\/kk07e-146x110.jpg\" alt=\"Wirtsm\u00fchle Lovely Surprise\" width=\"146\" height=\"110\" srcset=\"https:\/\/www.cpv-ev.com\/wp-content\/uploads\/2015\/09\/kk07e-146x110.jpg 146w, https:\/\/www.cpv-ev.com\/wp-content\/uploads\/2015\/09\/kk07e-300x225.jpg 300w, https:\/\/www.cpv-ev.com\/wp-content\/uploads\/2015\/09\/kk07e-500x374.jpg 500w, https:\/\/www.cpv-ev.com\/wp-content\/uploads\/2015\/09\/kk07e.jpg 600w\" sizes=\"auto, (max-width: 146px) 100vw, 146px\" \/><\/a>Wirthsm\u00fchle Lovely Surprise, geb. 06.04.2015, V: Kilduffahoo II, M: Wirthsm\u00fchle Lovelyness, MV: EH Diamond Shamrock, Z+B: Angelika Wolf, Greding, Goldpr\u00e4mienfohlen mit 8.6 (li.)<\/p>\n<p>&nbsp;<\/p>\n<p>&nbsp;<\/p>\n<p>N.N., geb. 21.05.2015, V: Kilduffahoo II, M: Rickie vom <a href=\"https:\/\/www.cpv-ev.com\/wp-content\/uploads\/2015\/09\/kk08b.jpg\"><img loading=\"lazy\" decoding=\"async\" class=\"alignright wp-image-16472 size-thumbnail\" src=\"https:\/\/www.cpv-ev.com\/wp-content\/uploads\/2015\/09\/kk08b-146x110.jpg\" alt=\"N.N. Von Kilduffahoo\" width=\"146\" height=\"110\" srcset=\"https:\/\/www.cpv-ev.com\/wp-content\/uploads\/2015\/09\/kk08b-146x110.jpg 146w, https:\/\/www.cpv-ev.com\/wp-content\/uploads\/2015\/09\/kk08b-300x225.jpg 300w, https:\/\/www.cpv-ev.com\/wp-content\/uploads\/2015\/09\/kk08b-500x376.jpg 500w, https:\/\/www.cpv-ev.com\/wp-content\/uploads\/2015\/09\/kk08b.jpg 602w\" sizes=\"auto, (max-width: 146px) 100vw, 146px\" \/><\/a>Donaumoos, MV: Ladylover,Z+B: Familie K\u00f6nig, Volkach, Pr\u00e4mienfohlen mit 7.9 (re.)<\/p>\n<p>&nbsp;<\/p>\n<p>&nbsp;<\/p>\n<p><a href=\"https:\/\/www.cpv-ev.com\/wp-content\/uploads\/2015\/09\/kk11a.jpg\"><img loading=\"lazy\" decoding=\"async\" class=\"alignleft wp-image-16473 size-thumbnail\" src=\"https:\/\/www.cpv-ev.com\/wp-content\/uploads\/2015\/09\/kk11a-146x110.jpg\" alt=\"Wirthsm\u00fchle Kayden\" width=\"146\" height=\"110\" srcset=\"https:\/\/www.cpv-ev.com\/wp-content\/uploads\/2015\/09\/kk11a-146x110.jpg 146w, https:\/\/www.cpv-ev.com\/wp-content\/uploads\/2015\/09\/kk11a-300x225.jpg 300w, https:\/\/www.cpv-ev.com\/wp-content\/uploads\/2015\/09\/kk11a-500x374.jpg 500w, https:\/\/www.cpv-ev.com\/wp-content\/uploads\/2015\/09\/kk11a.jpg 609w\" sizes=\"auto, (max-width: 146px) 100vw, 146px\" \/><\/a>Wirthsm\u00fchle Kayden, geb. 15.06.2015, V: Kilduffahoo II, M: Wirthsm\u00fchle Lady Moira, MV: EH Lorenzo, Z+B: Angelika Wolf, Greding, Goldpr\u00e4mienfohlen mit 8.8 (li.)<\/p>\n<p>&nbsp;<\/p>\n<p>&nbsp;<\/p>\n<p>&nbsp;<\/p>\n<p>Courtens Kandis, geb. 04.04.2015, V: Kilduffahoo II, M: <a href=\"https:\/\/www.cpv-ev.com\/wp-content\/uploads\/2015\/09\/kk12aw.jpg\"><img loading=\"lazy\" decoding=\"async\" class=\"alignright wp-image-16474 size-thumbnail\" src=\"https:\/\/www.cpv-ev.com\/wp-content\/uploads\/2015\/09\/kk12aw-146x110.jpg\" alt=\"Courtens Kandis\" width=\"146\" height=\"110\" srcset=\"https:\/\/www.cpv-ev.com\/wp-content\/uploads\/2015\/09\/kk12aw-146x110.jpg 146w, https:\/\/www.cpv-ev.com\/wp-content\/uploads\/2015\/09\/kk12aw-300x225.jpg 300w, https:\/\/www.cpv-ev.com\/wp-content\/uploads\/2015\/09\/kk12aw-500x376.jpg 500w, https:\/\/www.cpv-ev.com\/wp-content\/uploads\/2015\/09\/kk12aw.jpg 605w\" sizes=\"auto, (max-width: 146px) 100vw, 146px\" \/><\/a>Courtens Tulip, MV: LH Oisin Schueracher, Z+B: Gr\u00e4fin Courten, Bruggerhof, Goldpr\u00e4mienfohlen mit 8.5 (re.)<\/p>\n<p>&nbsp;<\/p>\n<p>Beim K\u00f6rperbau war Gro\u00dfrahmigkeit angesagt: Alle Fohlen werden wohl ins Endma\u00df gehen. Auffallend war ihre enorme Aufrichtung. Alle wu\u00dften ihren enormen Schub aus der Hinterhand auf die freihe Vorhand zu \u00fcbertragen und dann gro\u00dfartig zu entfalten \u2013 der Neuner in der Bewegungsnote war beim zwei Wochen vorher pr\u00e4mierten Stutfohlen \u201cCourtens Silky\u201d keine Ausnahme gewesen! Diese hervorragende Note wurde an diesem Tag f\u00fcr drei Kildu-Fohlen vergeben.<br \/>\n<a href=\"https:\/\/www.cpv-ev.com\/wp-content\/uploads\/2015\/09\/ka08a.jpg\"><img loading=\"lazy\" decoding=\"async\" class=\"alignleft wp-image-16469 size-thumbnail\" src=\"https:\/\/www.cpv-ev.com\/wp-content\/uploads\/2015\/09\/ka08a-146x110.jpg\" alt=\"N.N. von Kilduffahoo\" width=\"146\" height=\"110\" srcset=\"https:\/\/www.cpv-ev.com\/wp-content\/uploads\/2015\/09\/ka08a-146x110.jpg 146w, https:\/\/www.cpv-ev.com\/wp-content\/uploads\/2015\/09\/ka08a-300x225.jpg 300w, https:\/\/www.cpv-ev.com\/wp-content\/uploads\/2015\/09\/ka08a-500x375.jpg 500w, https:\/\/www.cpv-ev.com\/wp-content\/uploads\/2015\/09\/ka08a.jpg 604w\" sizes=\"auto, (max-width: 146px) 100vw, 146px\" \/><\/a>N.N., geb. 21.05.2015, V: Kilduffahoo II, M: Rickie vom Donaumoos, MV: Ladylover,Z+B: Familie K\u00f6nig, Volkach, Pr\u00e4mienfohlen mit 7.9 (li.)<\/p>\n<p>&nbsp;<\/p>\n<p>&nbsp;<\/p>\n<p>Wirthsm\u00fchle Lovely Surprise, geb. 06.04.2015, V: <a href=\"https:\/\/www.cpv-ev.com\/wp-content\/uploads\/2015\/09\/ka07e.jpg\"><img loading=\"lazy\" decoding=\"async\" class=\"alignright wp-image-16468 size-thumbnail\" src=\"https:\/\/www.cpv-ev.com\/wp-content\/uploads\/2015\/09\/ka07e-146x110.jpg\" alt=\"Wirthsm\u00fchle Lovely Surprise\" width=\"146\" height=\"110\" srcset=\"https:\/\/www.cpv-ev.com\/wp-content\/uploads\/2015\/09\/ka07e-146x110.jpg 146w, https:\/\/www.cpv-ev.com\/wp-content\/uploads\/2015\/09\/ka07e-300x225.jpg 300w, https:\/\/www.cpv-ev.com\/wp-content\/uploads\/2015\/09\/ka07e-500x374.jpg 500w, https:\/\/www.cpv-ev.com\/wp-content\/uploads\/2015\/09\/ka07e.jpg 610w\" sizes=\"auto, (max-width: 146px) 100vw, 146px\" \/><\/a>Kilduffahoo II, M: Wirthsm\u00fchle Lovelyness, MV: EH Diamond Shamrock, Z+B: Angelika Wolf, Greding, Goldpr\u00e4mienfohlen mit 8.6 (re.)<\/p>\n<p>&nbsp;<\/p>\n<p>&nbsp;<\/p>\n<p><a href=\"https:\/\/www.cpv-ev.com\/wp-content\/uploads\/2015\/09\/ka13a.jpg\"><img loading=\"lazy\" decoding=\"async\" class=\"alignleft wp-image-16470 size-thumbnail\" src=\"https:\/\/www.cpv-ev.com\/wp-content\/uploads\/2015\/09\/ka13a-146x110.jpg\" alt=\"Courtens Silky\" width=\"146\" height=\"110\" srcset=\"https:\/\/www.cpv-ev.com\/wp-content\/uploads\/2015\/09\/ka13a-146x110.jpg 146w, https:\/\/www.cpv-ev.com\/wp-content\/uploads\/2015\/09\/ka13a-300x225.jpg 300w, https:\/\/www.cpv-ev.com\/wp-content\/uploads\/2015\/09\/ka13a-500x374.jpg 500w, https:\/\/www.cpv-ev.com\/wp-content\/uploads\/2015\/09\/ka13a.jpg 598w\" sizes=\"auto, (max-width: 146px) 100vw, 146px\" \/><\/a>Courtens Silky, geb. 20.04.2015, V: Kilduffahoo II, M:SP Siss, MV: El Larry II, Z+B: Gr\u00e4fin Courten, Bruggerhof, Goldpr\u00e4mienfohlen mit 8.6 (li.)<\/p>\n<p>&nbsp;<\/p>\n<p>Auch in der Korrektheit hatte ich mit meinem \u201cVorurteil\u201d richtig gelegen: Diese Note wird im Bayerischen Zuchtverband als Kombi-Note aus Fundament UND Korrektheit errechnet. Die Resultate sind gegen\u00fcber den anderen Einzelnoten \u00fcber die Jahre hinweg verglichen immer etwas weiter unten angesiedelt. Begr\u00fcndet wird dies immer mit dem Satz, dass wenn der eine Teil \u00fcberragend ist, es meist am anderen Part daf\u00fcr fehlt. Dies mag man so nehmen \u2026 oder auch nicht. Ich mache mir da \u2013 auch \u00fcber die Jahre hinweg \u2013 gerne auch eine eigene Meinung:<\/p>\n<p>&nbsp;<\/p>\n<p>Die Kildu-Fohlen waren hier durch die Bank herrlich stabil im Fundament und auch in der Korrektheit hatten wir Fohlen, die quasi auf vier S\u00e4ulen da standen \u2013 einfach herrlich! Zweimal die glatte Acht an diesem Tag waren die Bestnoten \u2013 beide f\u00fcr Kildu-Fohlen! Und dies bei der bekannt strengen Notenvergabe im Bayr. Zuchtverband \u2026!<\/p>\n<p>&nbsp;<\/p>\n<p>Quasi als Sahneh\u00e4ubchen bekamen wir Connemara-Z\u00fcchter und\/oder \u2013Liebhaber schlie\u00dflich noch etwas Enblick in die bayerische Connemara-Zucht-Geschichte:<\/p>\n<p>&nbsp;<\/p>\n<p>Die ganggewaltige \u201cRickie vom Donaumoos\u201d als Mutter eines Kilduffahoo II-Fohlens erinnerte in ihrem Auftritt stark an die f\u00fcr Bewegungsqualit\u00e4ten bekannte Zucht von Peter Wiedenmann aus Leipheim. Auch die schon etwas \u00e4ltere Westside Frank-Tochter \u201cGina\u201d als Mutter von ihrem Diamond Shamrock-Fohlen \u201cGrace\u201d aus dem Besitz von Melli Regnet konnte die gro\u00dfen \u00c4hnlichkeiten zu ihrem Vater, der lange Zeit pr\u00e4gend f\u00fcr das Gest\u00fct Kagern von Familie H\u00e4user in Eggenfelden war, nicht leugnen.<\/p>\n<p>&nbsp;<\/p>\n<p>Herzlichen Dank dem ganzen Wirthsm\u00fchle-Team f\u00fcr diesen lehrreichen Tag in dieser so liebgewonnenen Atmosph\u00e4re.<\/p>\n<p>&nbsp;<\/p>\n<p>Alle Fotos AVC, 12er Foto: Wolf.<\/p>\n<p>&nbsp;<\/p>\n","protected":false},"excerpt":{"rendered":"<p>&nbsp; Lehrstunde f\u00fcr\u2019s Z\u00fcchterauge<\/p>\n","protected":false},"author":5,"featured_media":0,"comment_status":"closed","ping_status":"closed","sticky":false,"template":"","format":"standard","meta":{"ngg_post_thumbnail":0,"footnotes":""},"categories":[25,8],"tags":[],"class_list":["post-16460","post","type-post","status-publish","format-standard","hentry","category-news-2015","category-zucht-veranstaltungen"],"_links":{"self":[{"href":"https:\/\/www.cpv-ev.com\/index.php?rest_route=\/wp\/v2\/posts\/16460","targetHints":{"allow":["GET"]}}],"collection":[{"href":"https:\/\/www.cpv-ev.com\/index.php?rest_route=\/wp\/v2\/posts"}],"about":[{"href":"https:\/\/www.cpv-ev.com\/index.php?rest_route=\/wp\/v2\/types\/post"}],"author":[{"embeddable":true,"href":"https:\/\/www.cpv-ev.com\/index.php?rest_route=\/wp\/v2\/users\/5"}],"replies":[{"embeddable":true,"href":"https:\/\/www.cpv-ev.com\/index.php?rest_route=%2Fwp%2Fv2%2Fcomments&post=16460"}],"version-history":[{"count":0,"href":"https:\/\/www.cpv-ev.com\/index.php?rest_route=\/wp\/v2\/posts\/16460\/revisions"}],"wp:attachment":[{"href":"https:\/\/www.cpv-ev.com\/index.php?rest_route=%2Fwp%2Fv2%2Fmedia&parent=16460"}],"wp:term":[{"taxonomy":"category","embeddable":true,"href":"https:\/\/www.cpv-ev.com\/index.php?rest_route=%2Fwp%2Fv2%2Fcategories&post=16460"},{"taxonomy":"post_tag","embeddable":true,"href":"https:\/\/www.cpv-ev.com\/index.php?rest_route=%2Fwp%2Fv2%2Ftags&post=16460"}],"curies":[{"name":"wp","href":"https:\/\/api.w.org\/{rel}","templated":true}]}}